{"id":1450,"date":"2017-07-16T21:23:37","date_gmt":"2017-07-16T21:23:37","guid":{"rendered":"https:\/\/www.investgreece.gr\/index.php\/2017\/07\/16\/eged-ki-samos-midilli-kos-yunan-adalarindan-ev-almaq-istiyir-m\/"},"modified":"2021-05-29T09:35:02","modified_gmt":"2021-05-29T09:35:02","slug":"eged-ki-samos-midilli-kos-yunan-adalarindan-ev-almaq-istiyir-m","status":"publish","type":"post","link":"https:\/\/www.investgreece.gr\/index.php\/2017\/07\/16\/eged-ki-samos-midilli-kos-yunan-adalarindan-ev-almaq-istiyir-m\/","title":{"rendered":"Eged\u0259ki Samos, Midilli , Kos Yunan Adalar\u0131ndan Ev Almaq \u0130stiyir\u0259m. OTURMA ICAZ\u018fSI"},"content":{"rendered":"<p class=\"MsoNormal\" style=\"margin-bottom: .0001pt;\"><span style=\"font-family: Arial, sans-serif;\"><span style=\"font-size: 18.6667px;\">\u00a0<\/span><\/span><span style=\"font-family: Arial, sans-serif;\"><span style=\"font-size: 18.6667px;\">\u00a0<\/span><\/span><\/p>\n<p class=\"MsoNormal\" style=\"margin-bottom: .0001pt;\"><span style=\"font-family: Arial, sans-serif;\"><span style=\"font-size: 18.6667px;\">3. \u00d6lk\u0259 v\u0259t\u0259nda\u015flar\u0131 &#8211; Avropa birliyi olmayan \u00f6lk\u0259 v\u0259t\u0259nda\u015flar\u0131<\/span><\/span><\/p>\n<p class=\"MsoNormal\" style=\"margin-bottom: .0001pt;\"><span style=\"font-family: Arial, sans-serif;\"><span style=\"font-size: 18.6667px;\">Milli t\u0259hl\u00fck\u0259sizlik s\u0259b\u0259bind\u0259n dolay\u0131 3-c\u00fc \u00a0\u00d6lk\u0259 v\u0259t\u0259nda\u015flar\u0131n\u0131n (Yunan \u0259silli olanlar ba\u015fqa) b\u0259zi b\u00f6lg\u0259l\u0259rd\u0259 ev almas\u0131na icaz\u0259 verilmir.<\/span><\/span><\/p>\n<p class=\"MsoNormal\" style=\"margin-bottom: .0001pt;\"><span style=\"font-family: Arial, sans-serif;\"><span style=\"font-size: 18.6667px;\">Bu b\u00f6lg\u0259l\u0259r \u00fcmumiyy\u0259tl\u0259 s\u0259rh\u0259d v\u0259 s\u0259rh\u0259d\u0259 yax\u0131n b\u00f6lg\u0259l\u0259rdir.<\/span><\/span><\/p>\n<p class=\"MsoNormal\" style=\"margin-bottom: .0001pt;\"><span style=\"font-family: Arial, sans-serif;\"><span style=\"font-size: 18.6667px;\">X\u00fcsus\u0259n, materik v\u0259 Tassos adas\u0131na, h\u0259m\u00e7inin T\u00fcrkiy\u0259nin s\u0259rh\u0259din\u0259 v\u0259 adalar\u0131n s\u0259rh\u0259d zonas\u0131na yax\u0131n olan \u0259razil\u0259rd\u0259, xaricil\u0259rin m\u00fclk sahibi olmas\u0131na icaz\u0259 verilir.<\/span><\/span><\/p>\n<p class=\"MsoNormal\" style=\"margin-bottom: .0001pt;\"><span style=\"font-family: Arial, sans-serif;\"><span style=\"font-size: 18.6667px;\">M\u00fcvafiq icaz\u0259 proseduru 6 aydan bir il\u0259 q\u0259d\u0259r davam ed\u0259n bir zaman interval\u0131 t\u0259l\u0259b edir.<\/span><\/span><\/p>\n<p class=\"MsoNormal\" style=\"margin-bottom: .0001pt;\"><span style=\"font-family: Arial, sans-serif;\"><span style=\"font-size: 18.6667px;\">Bele halda sat\u0131n al\u0131nacaq ev \u00fc\u00e7\u00fcn, evi satacaq mal sahibinin m\u0259lumati olmal\u0131d\u0131r.<\/span><\/span><\/p>\n<p class=\"MsoNormal\" style=\"margin-bottom: .0001pt;\"><span style=\"font-family: Arial, sans-serif;\"><span style=\"font-size: 18.6667px;\">Bu halda, icaz\u0259 q\u0259bul olunana q\u0259d\u0259r, ev\u0259 depozit (y\u0259ni beh) veril\u0259rs\u0259, m\u0259nfi cavab verildikd\u0259 beh-depozit batm\u0131\u015f say\u0131l\u0131r.<\/span><\/span><\/p>\n<p class=\"MsoNormal\" style=\"margin-bottom: .0001pt;\"><span style=\"font-family: Arial, sans-serif;\"><span style=\"font-size: 18.6667px;\">\u00a0<\/span><\/span><\/p>\n<p class=\"MsoNormal\" style=\"margin-bottom: .0001pt;\"><span style=\"font-family: Arial, sans-serif;\"><span style=\"font-size: 18.6667px;\">Bel\u0259 ki, \u00e7ox riskli pul itkisin\u0259 s\u0259b\u0259b olaca\u011f\u0131 \u00fc\u00e7\u00fcn bu b\u00f6lg\u0259l\u0259rd\u0259n ev al\u0131nmas\u0131 t\u00f6vsiy\u0259 edilmir.<\/span><\/span><\/p>\n<p class=\"MsoNormal\" style=\"margin-bottom: .0001pt;\"><span style=\"font-family: Arial, sans-serif;\"><span style=\"font-size: 18.6667px;\">\u015e\u0259kild\u0259 q\u0131rm\u0131z\u0131 il\u0259 \u0259hat\u0259 olunmu\u015f b\u00f6lg\u0259l\u0259rd\u0259n m\u00fclk al\u0131nmas\u0131 icaz\u0259y\u0259 tabe olan yerl\u0259ri g\u00f6st\u0259rir.<\/span><\/span><\/p>\n<p class=\"MsoNormal\" style=\"margin-bottom: .0001pt;\"><span style=\"font-family: Arial, sans-serif;\"><span style=\"font-size: 18.6667px;\">M\u00fcvafiq yerl\u0259rd\u0259n \u0259mlak almaq yuxar\u0131da g\u00f6st\u0259ril\u0259n icaz\u0259 \u0259sas\u0131nda apar\u0131l\u0131r.<\/span><\/span><\/p>\n<p class=\"MsoNormal\" style=\"margin-bottom: .0001pt;\"><span style=\"font-family: Arial, sans-serif;\"><span style=\"font-size: 18.6667px;\"><img decoding=\"async\" class=\" size-full wp-image-14\" src=\"https:\/\/www.investgreece.gr\/wp-content\/uploads\/2016\/07\/whatsappturkcedestektelefonuwhitebackground.png\" alt=\"\" width=\"390\" height=\"98\" srcset=\"https:\/\/www.investgreece.gr\/wp-content\/uploads\/2016\/07\/whatsappturkcedestektelefonuwhitebackground.png 398w, https:\/\/www.investgreece.gr\/wp-content\/uploads\/2016\/07\/whatsappturkcedestektelefonuwhitebackground-300x75.png 300w\" sizes=\"(max-width: 390px) 100vw, 390px\" \/><\/span><\/span><\/p>\n<p class=\"MsoNormal\" style=\"margin-bottom: .0001pt;\"><span style=\"font-family: Arial, sans-serif;\"><span style=\"font-size: 18.6667px;\">\u00a0<\/span><\/span><\/p>\n<p class=\"MsoNormal\" style=\"margin-bottom: .0001pt;\"><span style=\"font-family: Arial, sans-serif;\"><span style=\"font-size: 18.6667px;\">\u00a0<\/span><\/span><\/p>\n<p class=\"MsoNormal\" style=\"margin-bottom: .0001pt;\">\u00a0<\/p>\n<p class=\"MsoNormal\" style=\"margin-bottom: .0001pt;\"><span lang=\"AZ-LATIN\" style=\"font-size: 14.0pt; line-height: 115%; font-family: 'Arial',sans-serif; mso-ansi-language: AZ-LATIN;\">\u00a0<\/span><\/p>\n<p>\u00a0<\/p>\n<p class=\"MsoNormal\" style=\"margin-bottom: .0001pt;\"><span lang=\"AZ-LATIN\" style=\"font-size: 14.0pt; line-height: 115%; font-family: 'Arial',sans-serif; mso-ansi-language: AZ-LATIN;\">\u00a0<\/span><\/p>\n","protected":false},"excerpt":{"rendered":"<p>\u00a0\u00a0 3. \u00d6lk\u0259 v\u0259t\u0259nda\u015flar\u0131 &#8211; Avropa birliyi olmayan \u00f6lk\u0259 v\u0259t\u0259nda\u015flar\u0131 Milli t\u0259hl\u00fck\u0259sizlik s\u0259b\u0259bind\u0259n dolay\u0131 3-c\u00fc \u00a0\u00d6lk\u0259 v\u0259t\u0259nda\u015flar\u0131n\u0131n (Yunan \u0259silli olanlar ba\u015fqa) b\u0259zi b\u00f6lg\u0259l\u0259rd\u0259 ev almas\u0131na icaz\u0259 verilmir. Bu b\u00f6lg\u0259l\u0259r \u00fcmumiyy\u0259tl\u0259 s\u0259rh\u0259d v\u0259 s\u0259rh\u0259d\u0259 yax\u0131n b\u00f6lg\u0259l\u0259rdir. X\u00fcsus\u0259n, materik v\u0259 Tassos adas\u0131na, h\u0259m\u00e7inin T\u00fcrkiy\u0259nin s\u0259rh\u0259din\u0259 v\u0259 adalar\u0131n s\u0259rh\u0259d zonas\u0131na yax\u0131n olan \u0259razil\u0259rd\u0259, xaricil\u0259rin m\u00fclk sahibi olmas\u0131na icaz\u0259&#8230;<\/p>\n","protected":false},"author":2,"featured_media":14,"comment_status":"open","ping_status":"open","sticky":false,"template":"","format":"standard","meta":{"footnotes":""},"categories":[9],"tags":[843],"class_list":["post-1450","post","type-post","status-publish","format-standard","has-post-thumbnail","hentry","category-investing-blog","tag-oturma-icazsi"],"yoast_head":"<!-- This site is optimized with the Yoast SEO plugin v27.4 - https:\/\/yoast.com\/product\/yoast-seo-wordpress\/ -->\n<title>Eged\u0259ki Samos, Midilli , Kos Yunan Adalar\u0131ndan Ev Almaq \u0130stiyir\u0259m. OTURMA ICAZ\u018fSI - Invest Greece Yunanistan Emlak<\/title>\n<meta name=\"robots\" content=\"index, follow, max-snippet:-1, max-image-preview:large, max-video-preview:-1\" \/>\n<link rel=\"canonical\" href=\"https:\/\/www.investgreece.gr\/index.php\/2017\/07\/16\/eged-ki-samos-midilli-kos-yunan-adalarindan-ev-almaq-istiyir-m\/\" \/>\n<meta property=\"og:locale\" content=\"tr_TR\" \/>\n<meta property=\"og:type\" content=\"article\" \/>\n<meta property=\"og:title\" content=\"Eged\u0259ki Samos, Midilli , Kos Yunan Adalar\u0131ndan Ev Almaq \u0130stiyir\u0259m. OTURMA ICAZ\u018fSI - Invest Greece Yunanistan Emlak\" \/>\n<meta property=\"og:description\" content=\"\u00a0\u00a0 3. \u00d6lk\u0259 v\u0259t\u0259nda\u015flar\u0131 &#8211; Avropa birliyi olmayan \u00f6lk\u0259 v\u0259t\u0259nda\u015flar\u0131 Milli t\u0259hl\u00fck\u0259sizlik s\u0259b\u0259bind\u0259n dolay\u0131 3-c\u00fc \u00a0\u00d6lk\u0259 v\u0259t\u0259nda\u015flar\u0131n\u0131n (Yunan \u0259silli olanlar ba\u015fqa) b\u0259zi b\u00f6lg\u0259l\u0259rd\u0259 ev almas\u0131na icaz\u0259 verilmir. Bu b\u00f6lg\u0259l\u0259r \u00fcmumiyy\u0259tl\u0259 s\u0259rh\u0259d v\u0259 s\u0259rh\u0259d\u0259 yax\u0131n b\u00f6lg\u0259l\u0259rdir. X\u00fcsus\u0259n, materik v\u0259 Tassos adas\u0131na, h\u0259m\u00e7inin T\u00fcrkiy\u0259nin s\u0259rh\u0259din\u0259 v\u0259 adalar\u0131n s\u0259rh\u0259d zonas\u0131na yax\u0131n olan \u0259razil\u0259rd\u0259, xaricil\u0259rin m\u00fclk sahibi olmas\u0131na icaz\u0259...\" \/>\n<meta property=\"og:url\" content=\"https:\/\/www.investgreece.gr\/index.php\/2017\/07\/16\/eged-ki-samos-midilli-kos-yunan-adalarindan-ev-almaq-istiyir-m\/\" \/>\n<meta property=\"og:site_name\" content=\"Invest Greece Yunanistan Emlak\" \/>\n<meta property=\"article:published_time\" content=\"2017-07-16T21:23:37+00:00\" \/>\n<meta property=\"article:modified_time\" content=\"2021-05-29T09:35:02+00:00\" \/>\n<meta property=\"og:image\" content=\"https:\/\/res.cloudinary.com\/cyclops-web-studio\/images\/v1622280901\/whatsappturkcedestektelefonuwhitebackground\/whatsappturkcedestektelefonuwhitebackground.png?_i=AA\" \/>\n\t<meta property=\"og:image:width\" content=\"398\" \/>\n\t<meta property=\"og:image:height\" content=\"100\" \/>\n\t<meta property=\"og:image:type\" content=\"image\/png\" \/>\n<meta name=\"author\" content=\"Kostis Arslano\u011flu | Kostantin Kaini Arslanoglou\" \/>\n<meta name=\"twitter:card\" content=\"summary_large_image\" \/>\n<meta name=\"twitter:creator\" content=\"@KostaEmlak\" \/>\n<meta name=\"twitter:site\" content=\"@KostaEmlak\" \/>\n<meta name=\"twitter:label1\" content=\"Yazan:\" \/>\n\t<meta name=\"twitter:data1\" content=\"Kostis Arslano\u011flu | Kostantin Kaini Arslanoglou\" \/>\n\t<meta name=\"twitter:label2\" content=\"Tahmini okuma s\u00fcresi\" \/>\n\t<meta name=\"twitter:data2\" content=\"1 dakika\" \/>\n<script type=\"application\/ld+json\" class=\"yoast-schema-graph\">{\"@context\":\"https:\\\/\\\/schema.org\",\"@graph\":[{\"@type\":\"Article\",\"@id\":\"https:\\\/\\\/www.investgreece.gr\\\/index.php\\\/2017\\\/07\\\/16\\\/eged-ki-samos-midilli-kos-yunan-adalarindan-ev-almaq-istiyir-m\\\/#article\",\"isPartOf\":{\"@id\":\"https:\\\/\\\/www.investgreece.gr\\\/index.php\\\/2017\\\/07\\\/16\\\/eged-ki-samos-midilli-kos-yunan-adalarindan-ev-almaq-istiyir-m\\\/\"},\"author\":{\"name\":\"Kostis Arslano\u011flu | Kostantin Kaini Arslanoglou\",\"@id\":\"https:\\\/\\\/www.investgreece.gr\\\/#\\\/schema\\\/person\\\/e8c186c54186cd738cb9dbcdfe7851dd\"},\"headline\":\"Eged\u0259ki Samos, Midilli , Kos Yunan Adalar\u0131ndan Ev Almaq \u0130stiyir\u0259m. OTURMA ICAZ\u018fSI\",\"datePublished\":\"2017-07-16T21:23:37+00:00\",\"dateModified\":\"2021-05-29T09:35:02+00:00\",\"mainEntityOfPage\":{\"@id\":\"https:\\\/\\\/www.investgreece.gr\\\/index.php\\\/2017\\\/07\\\/16\\\/eged-ki-samos-midilli-kos-yunan-adalarindan-ev-almaq-istiyir-m\\\/\"},\"wordCount\":251,\"commentCount\":0,\"publisher\":{\"@id\":\"https:\\\/\\\/www.investgreece.gr\\\/#organization\"},\"image\":{\"@id\":\"https:\\\/\\\/www.investgreece.gr\\\/index.php\\\/2017\\\/07\\\/16\\\/eged-ki-samos-midilli-kos-yunan-adalarindan-ev-almaq-istiyir-m\\\/#primaryimage\"},\"thumbnailUrl\":\"https:\\\/\\\/www.investgreece.gr\\\/wp-content\\\/uploads\\\/2016\\\/07\\\/whatsappturkcedestektelefonuwhitebackground.png\",\"keywords\":[\"OTURMA ICAZ\u018fSI\"],\"articleSection\":[\"Blog\"],\"inLanguage\":\"tr\",\"potentialAction\":[{\"@type\":\"CommentAction\",\"name\":\"Comment\",\"target\":[\"https:\\\/\\\/www.investgreece.gr\\\/index.php\\\/2017\\\/07\\\/16\\\/eged-ki-samos-midilli-kos-yunan-adalarindan-ev-almaq-istiyir-m\\\/#respond\"]}]},{\"@type\":\"WebPage\",\"@id\":\"https:\\\/\\\/www.investgreece.gr\\\/index.php\\\/2017\\\/07\\\/16\\\/eged-ki-samos-midilli-kos-yunan-adalarindan-ev-almaq-istiyir-m\\\/\",\"url\":\"https:\\\/\\\/www.investgreece.gr\\\/index.php\\\/2017\\\/07\\\/16\\\/eged-ki-samos-midilli-kos-yunan-adalarindan-ev-almaq-istiyir-m\\\/\",\"name\":\"Eged\u0259ki Samos, Midilli , Kos Yunan Adalar\u0131ndan Ev Almaq \u0130stiyir\u0259m. OTURMA ICAZ\u018fSI - Invest Greece Yunanistan Emlak\",\"isPartOf\":{\"@id\":\"https:\\\/\\\/www.investgreece.gr\\\/#website\"},\"primaryImageOfPage\":{\"@id\":\"https:\\\/\\\/www.investgreece.gr\\\/index.php\\\/2017\\\/07\\\/16\\\/eged-ki-samos-midilli-kos-yunan-adalarindan-ev-almaq-istiyir-m\\\/#primaryimage\"},\"image\":{\"@id\":\"https:\\\/\\\/www.investgreece.gr\\\/index.php\\\/2017\\\/07\\\/16\\\/eged-ki-samos-midilli-kos-yunan-adalarindan-ev-almaq-istiyir-m\\\/#primaryimage\"},\"thumbnailUrl\":\"https:\\\/\\\/www.investgreece.gr\\\/wp-content\\\/uploads\\\/2016\\\/07\\\/whatsappturkcedestektelefonuwhitebackground.png\",\"datePublished\":\"2017-07-16T21:23:37+00:00\",\"dateModified\":\"2021-05-29T09:35:02+00:00\",\"breadcrumb\":{\"@id\":\"https:\\\/\\\/www.investgreece.gr\\\/index.php\\\/2017\\\/07\\\/16\\\/eged-ki-samos-midilli-kos-yunan-adalarindan-ev-almaq-istiyir-m\\\/#breadcrumb\"},\"inLanguage\":\"tr\",\"potentialAction\":[{\"@type\":\"ReadAction\",\"target\":[\"https:\\\/\\\/www.investgreece.gr\\\/index.php\\\/2017\\\/07\\\/16\\\/eged-ki-samos-midilli-kos-yunan-adalarindan-ev-almaq-istiyir-m\\\/\"]}]},{\"@type\":\"ImageObject\",\"inLanguage\":\"tr\",\"@id\":\"https:\\\/\\\/www.investgreece.gr\\\/index.php\\\/2017\\\/07\\\/16\\\/eged-ki-samos-midilli-kos-yunan-adalarindan-ev-almaq-istiyir-m\\\/#primaryimage\",\"url\":\"https:\\\/\\\/www.investgreece.gr\\\/wp-content\\\/uploads\\\/2016\\\/07\\\/whatsappturkcedestektelefonuwhitebackground.png\",\"contentUrl\":\"https:\\\/\\\/www.investgreece.gr\\\/wp-content\\\/uploads\\\/2016\\\/07\\\/whatsappturkcedestektelefonuwhitebackground.png\",\"width\":398,\"height\":100,\"caption\":\"Kosta Arslano\u011flu Destek Soru Telefonu Whatsapp Viber Signal 0030 698 709 89 83\"},{\"@type\":\"BreadcrumbList\",\"@id\":\"https:\\\/\\\/www.investgreece.gr\\\/index.php\\\/2017\\\/07\\\/16\\\/eged-ki-samos-midilli-kos-yunan-adalarindan-ev-almaq-istiyir-m\\\/#breadcrumb\",\"itemListElement\":[{\"@type\":\"ListItem\",\"position\":1,\"name\":\"Home\",\"item\":\"https:\\\/\\\/www.investgreece.gr\\\/\"},{\"@type\":\"ListItem\",\"position\":2,\"name\":\"Eged\u0259ki Samos, Midilli , Kos Yunan Adalar\u0131ndan Ev Almaq \u0130stiyir\u0259m. OTURMA ICAZ\u018fSI\"}]},{\"@type\":\"WebSite\",\"@id\":\"https:\\\/\\\/www.investgreece.gr\\\/#website\",\"url\":\"https:\\\/\\\/www.investgreece.gr\\\/\",\"name\":\"Invest Greece Yunanistan Emlak\",\"description\":\"Yunanistan Emlak Dan\u0131\u015fmanl\u0131\u011f\u0131\",\"publisher\":{\"@id\":\"https:\\\/\\\/www.investgreece.gr\\\/#organization\"},\"potentialAction\":[{\"@type\":\"SearchAction\",\"target\":{\"@type\":\"EntryPoint\",\"urlTemplate\":\"https:\\\/\\\/www.investgreece.gr\\\/?s={search_term_string}\"},\"query-input\":{\"@type\":\"PropertyValueSpecification\",\"valueRequired\":true,\"valueName\":\"search_term_string\"}}],\"inLanguage\":\"tr\"},{\"@type\":\"Organization\",\"@id\":\"https:\\\/\\\/www.investgreece.gr\\\/#organization\",\"name\":\"Invest Greece\",\"url\":\"https:\\\/\\\/www.investgreece.gr\\\/\",\"logo\":{\"@type\":\"ImageObject\",\"inLanguage\":\"tr\",\"@id\":\"https:\\\/\\\/www.investgreece.gr\\\/#\\\/schema\\\/logo\\\/image\\\/\",\"url\":\"https:\\\/\\\/res.cloudinary.com\\\/cyclops-web-studio\\\/images\\\/f_auto,q_auto\\\/v1622655883\\\/logo2021\\\/logo2021.png\",\"contentUrl\":\"https:\\\/\\\/res.cloudinary.com\\\/cyclops-web-studio\\\/images\\\/f_auto,q_auto\\\/v1622655883\\\/logo2021\\\/logo2021.png\",\"width\":250,\"height\":100,\"caption\":\"Invest Greece\"},\"image\":{\"@id\":\"https:\\\/\\\/www.investgreece.gr\\\/#\\\/schema\\\/logo\\\/image\\\/\"},\"sameAs\":[\"https:\\\/\\\/x.com\\\/KostaEmlak\"]},{\"@type\":\"Person\",\"@id\":\"https:\\\/\\\/www.investgreece.gr\\\/#\\\/schema\\\/person\\\/e8c186c54186cd738cb9dbcdfe7851dd\",\"name\":\"Kostis Arslano\u011flu | Kostantin Kaini Arslanoglou\",\"image\":{\"@type\":\"ImageObject\",\"inLanguage\":\"tr\",\"@id\":\"https:\\\/\\\/secure.gravatar.com\\\/avatar\\\/dd4eb5e7d74577d5fb88a616aee9cf999ef82c9e0ab0e252c55c2740848226b8?s=96&d=mm&r=g\",\"url\":\"https:\\\/\\\/secure.gravatar.com\\\/avatar\\\/dd4eb5e7d74577d5fb88a616aee9cf999ef82c9e0ab0e252c55c2740848226b8?s=96&d=mm&r=g\",\"contentUrl\":\"https:\\\/\\\/secure.gravatar.com\\\/avatar\\\/dd4eb5e7d74577d5fb88a616aee9cf999ef82c9e0ab0e252c55c2740848226b8?s=96&d=mm&r=g\",\"caption\":\"Kostis Arslano\u011flu | Kostantin Kaini Arslanoglou\"},\"sameAs\":[\"https:\\\/\\\/www.investgreece.gr\",\"https:\\\/\\\/www.linkedin.com\\\/in\\\/turkeyinvestgreece\\\/\",\"https:\\\/\\\/x.com\\\/KostaEmlak\",\"https:\\\/\\\/www.youtube.com\\\/channel\\\/UC0RaVn9OY-DJi_q-bAvBJvA\"],\"url\":\"https:\\\/\\\/www.investgreece.gr\\\/index.php\\\/author\\\/costas\\\/\"}]}<\/script>\n<!-- \/ Yoast SEO plugin. -->","yoast_head_json":{"title":"Eged\u0259ki Samos, Midilli , Kos Yunan Adalar\u0131ndan Ev Almaq \u0130stiyir\u0259m. OTURMA ICAZ\u018fSI - Invest Greece Yunanistan Emlak","robots":{"index":"index","follow":"follow","max-snippet":"max-snippet:-1","max-image-preview":"max-image-preview:large","max-video-preview":"max-video-preview:-1"},"canonical":"https:\/\/www.investgreece.gr\/index.php\/2017\/07\/16\/eged-ki-samos-midilli-kos-yunan-adalarindan-ev-almaq-istiyir-m\/","og_locale":"tr_TR","og_type":"article","og_title":"Eged\u0259ki Samos, Midilli , Kos Yunan Adalar\u0131ndan Ev Almaq \u0130stiyir\u0259m. OTURMA ICAZ\u018fSI - Invest Greece Yunanistan Emlak","og_description":"\u00a0\u00a0 3. \u00d6lk\u0259 v\u0259t\u0259nda\u015flar\u0131 &#8211; Avropa birliyi olmayan \u00f6lk\u0259 v\u0259t\u0259nda\u015flar\u0131 Milli t\u0259hl\u00fck\u0259sizlik s\u0259b\u0259bind\u0259n dolay\u0131 3-c\u00fc \u00a0\u00d6lk\u0259 v\u0259t\u0259nda\u015flar\u0131n\u0131n (Yunan \u0259silli olanlar ba\u015fqa) b\u0259zi b\u00f6lg\u0259l\u0259rd\u0259 ev almas\u0131na icaz\u0259 verilmir. Bu b\u00f6lg\u0259l\u0259r \u00fcmumiyy\u0259tl\u0259 s\u0259rh\u0259d v\u0259 s\u0259rh\u0259d\u0259 yax\u0131n b\u00f6lg\u0259l\u0259rdir. X\u00fcsus\u0259n, materik v\u0259 Tassos adas\u0131na, h\u0259m\u00e7inin T\u00fcrkiy\u0259nin s\u0259rh\u0259din\u0259 v\u0259 adalar\u0131n s\u0259rh\u0259d zonas\u0131na yax\u0131n olan \u0259razil\u0259rd\u0259, xaricil\u0259rin m\u00fclk sahibi olmas\u0131na icaz\u0259...","og_url":"https:\/\/www.investgreece.gr\/index.php\/2017\/07\/16\/eged-ki-samos-midilli-kos-yunan-adalarindan-ev-almaq-istiyir-m\/","og_site_name":"Invest Greece Yunanistan Emlak","article_published_time":"2017-07-16T21:23:37+00:00","article_modified_time":"2021-05-29T09:35:02+00:00","og_image":[{"width":398,"height":100,"url":"https:\/\/res.cloudinary.com\/cyclops-web-studio\/images\/v1622280901\/whatsappturkcedestektelefonuwhitebackground\/whatsappturkcedestektelefonuwhitebackground.png?_i=AA","type":"image\/png"}],"author":"Kostis Arslano\u011flu | Kostantin Kaini Arslanoglou","twitter_card":"summary_large_image","twitter_creator":"@KostaEmlak","twitter_site":"@KostaEmlak","twitter_misc":{"Yazan:":"Kostis Arslano\u011flu | Kostantin Kaini Arslanoglou","Tahmini okuma s\u00fcresi":"1 dakika"},"schema":{"@context":"https:\/\/schema.org","@graph":[{"@type":"Article","@id":"https:\/\/www.investgreece.gr\/index.php\/2017\/07\/16\/eged-ki-samos-midilli-kos-yunan-adalarindan-ev-almaq-istiyir-m\/#article","isPartOf":{"@id":"https:\/\/www.investgreece.gr\/index.php\/2017\/07\/16\/eged-ki-samos-midilli-kos-yunan-adalarindan-ev-almaq-istiyir-m\/"},"author":{"name":"Kostis Arslano\u011flu | Kostantin Kaini Arslanoglou","@id":"https:\/\/www.investgreece.gr\/#\/schema\/person\/e8c186c54186cd738cb9dbcdfe7851dd"},"headline":"Eged\u0259ki Samos, Midilli , Kos Yunan Adalar\u0131ndan Ev Almaq \u0130stiyir\u0259m. OTURMA ICAZ\u018fSI","datePublished":"2017-07-16T21:23:37+00:00","dateModified":"2021-05-29T09:35:02+00:00","mainEntityOfPage":{"@id":"https:\/\/www.investgreece.gr\/index.php\/2017\/07\/16\/eged-ki-samos-midilli-kos-yunan-adalarindan-ev-almaq-istiyir-m\/"},"wordCount":251,"commentCount":0,"publisher":{"@id":"https:\/\/www.investgreece.gr\/#organization"},"image":{"@id":"https:\/\/www.investgreece.gr\/index.php\/2017\/07\/16\/eged-ki-samos-midilli-kos-yunan-adalarindan-ev-almaq-istiyir-m\/#primaryimage"},"thumbnailUrl":"https:\/\/www.investgreece.gr\/wp-content\/uploads\/2016\/07\/whatsappturkcedestektelefonuwhitebackground.png","keywords":["OTURMA ICAZ\u018fSI"],"articleSection":["Blog"],"inLanguage":"tr","potentialAction":[{"@type":"CommentAction","name":"Comment","target":["https:\/\/www.investgreece.gr\/index.php\/2017\/07\/16\/eged-ki-samos-midilli-kos-yunan-adalarindan-ev-almaq-istiyir-m\/#respond"]}]},{"@type":"WebPage","@id":"https:\/\/www.investgreece.gr\/index.php\/2017\/07\/16\/eged-ki-samos-midilli-kos-yunan-adalarindan-ev-almaq-istiyir-m\/","url":"https:\/\/www.investgreece.gr\/index.php\/2017\/07\/16\/eged-ki-samos-midilli-kos-yunan-adalarindan-ev-almaq-istiyir-m\/","name":"Eged\u0259ki Samos, Midilli , Kos Yunan Adalar\u0131ndan Ev Almaq \u0130stiyir\u0259m. OTURMA ICAZ\u018fSI - Invest Greece Yunanistan Emlak","isPartOf":{"@id":"https:\/\/www.investgreece.gr\/#website"},"primaryImageOfPage":{"@id":"https:\/\/www.investgreece.gr\/index.php\/2017\/07\/16\/eged-ki-samos-midilli-kos-yunan-adalarindan-ev-almaq-istiyir-m\/#primaryimage"},"image":{"@id":"https:\/\/www.investgreece.gr\/index.php\/2017\/07\/16\/eged-ki-samos-midilli-kos-yunan-adalarindan-ev-almaq-istiyir-m\/#primaryimage"},"thumbnailUrl":"https:\/\/www.investgreece.gr\/wp-content\/uploads\/2016\/07\/whatsappturkcedestektelefonuwhitebackground.png","datePublished":"2017-07-16T21:23:37+00:00","dateModified":"2021-05-29T09:35:02+00:00","breadcrumb":{"@id":"https:\/\/www.investgreece.gr\/index.php\/2017\/07\/16\/eged-ki-samos-midilli-kos-yunan-adalarindan-ev-almaq-istiyir-m\/#breadcrumb"},"inLanguage":"tr","potentialAction":[{"@type":"ReadAction","target":["https:\/\/www.investgreece.gr\/index.php\/2017\/07\/16\/eged-ki-samos-midilli-kos-yunan-adalarindan-ev-almaq-istiyir-m\/"]}]},{"@type":"ImageObject","inLanguage":"tr","@id":"https:\/\/www.investgreece.gr\/index.php\/2017\/07\/16\/eged-ki-samos-midilli-kos-yunan-adalarindan-ev-almaq-istiyir-m\/#primaryimage","url":"https:\/\/www.investgreece.gr\/wp-content\/uploads\/2016\/07\/whatsappturkcedestektelefonuwhitebackground.png","contentUrl":"https:\/\/www.investgreece.gr\/wp-content\/uploads\/2016\/07\/whatsappturkcedestektelefonuwhitebackground.png","width":398,"height":100,"caption":"Kosta Arslano\u011flu Destek Soru Telefonu Whatsapp Viber Signal 0030 698 709 89 83"},{"@type":"BreadcrumbList","@id":"https:\/\/www.investgreece.gr\/index.php\/2017\/07\/16\/eged-ki-samos-midilli-kos-yunan-adalarindan-ev-almaq-istiyir-m\/#breadcrumb","itemListElement":[{"@type":"ListItem","position":1,"name":"Home","item":"https:\/\/www.investgreece.gr\/"},{"@type":"ListItem","position":2,"name":"Eged\u0259ki Samos, Midilli , Kos Yunan Adalar\u0131ndan Ev Almaq \u0130stiyir\u0259m. OTURMA ICAZ\u018fSI"}]},{"@type":"WebSite","@id":"https:\/\/www.investgreece.gr\/#website","url":"https:\/\/www.investgreece.gr\/","name":"Invest Greece Yunanistan Emlak","description":"Yunanistan Emlak Dan\u0131\u015fmanl\u0131\u011f\u0131","publisher":{"@id":"https:\/\/www.investgreece.gr\/#organization"},"potentialAction":[{"@type":"SearchAction","target":{"@type":"EntryPoint","urlTemplate":"https:\/\/www.investgreece.gr\/?s={search_term_string}"},"query-input":{"@type":"PropertyValueSpecification","valueRequired":true,"valueName":"search_term_string"}}],"inLanguage":"tr"},{"@type":"Organization","@id":"https:\/\/www.investgreece.gr\/#organization","name":"Invest Greece","url":"https:\/\/www.investgreece.gr\/","logo":{"@type":"ImageObject","inLanguage":"tr","@id":"https:\/\/www.investgreece.gr\/#\/schema\/logo\/image\/","url":"https:\/\/res.cloudinary.com\/cyclops-web-studio\/images\/f_auto,q_auto\/v1622655883\/logo2021\/logo2021.png","contentUrl":"https:\/\/res.cloudinary.com\/cyclops-web-studio\/images\/f_auto,q_auto\/v1622655883\/logo2021\/logo2021.png","width":250,"height":100,"caption":"Invest Greece"},"image":{"@id":"https:\/\/www.investgreece.gr\/#\/schema\/logo\/image\/"},"sameAs":["https:\/\/x.com\/KostaEmlak"]},{"@type":"Person","@id":"https:\/\/www.investgreece.gr\/#\/schema\/person\/e8c186c54186cd738cb9dbcdfe7851dd","name":"Kostis Arslano\u011flu | Kostantin Kaini Arslanoglou","image":{"@type":"ImageObject","inLanguage":"tr","@id":"https:\/\/secure.gravatar.com\/avatar\/dd4eb5e7d74577d5fb88a616aee9cf999ef82c9e0ab0e252c55c2740848226b8?s=96&d=mm&r=g","url":"https:\/\/secure.gravatar.com\/avatar\/dd4eb5e7d74577d5fb88a616aee9cf999ef82c9e0ab0e252c55c2740848226b8?s=96&d=mm&r=g","contentUrl":"https:\/\/secure.gravatar.com\/avatar\/dd4eb5e7d74577d5fb88a616aee9cf999ef82c9e0ab0e252c55c2740848226b8?s=96&d=mm&r=g","caption":"Kostis Arslano\u011flu | Kostantin Kaini Arslanoglou"},"sameAs":["https:\/\/www.investgreece.gr","https:\/\/www.linkedin.com\/in\/turkeyinvestgreece\/","https:\/\/x.com\/KostaEmlak","https:\/\/www.youtube.com\/channel\/UC0RaVn9OY-DJi_q-bAvBJvA"],"url":"https:\/\/www.investgreece.gr\/index.php\/author\/costas\/"}]}},"_links":{"self":[{"href":"https:\/\/www.investgreece.gr\/index.php\/wp-json\/wp\/v2\/posts\/1450","targetHints":{"allow":["GET"]}}],"collection":[{"href":"https:\/\/www.investgreece.gr\/index.php\/wp-json\/wp\/v2\/posts"}],"about":[{"href":"https:\/\/www.investgreece.gr\/index.php\/wp-json\/wp\/v2\/types\/post"}],"author":[{"embeddable":true,"href":"https:\/\/www.investgreece.gr\/index.php\/wp-json\/wp\/v2\/users\/2"}],"replies":[{"embeddable":true,"href":"https:\/\/www.investgreece.gr\/index.php\/wp-json\/wp\/v2\/comments?post=1450"}],"version-history":[{"count":0,"href":"https:\/\/www.investgreece.gr\/index.php\/wp-json\/wp\/v2\/posts\/1450\/revisions"}],"wp:featuredmedia":[{"embeddable":true,"href":"https:\/\/www.investgreece.gr\/index.php\/wp-json\/wp\/v2\/media\/14"}],"wp:attachment":[{"href":"https:\/\/www.investgreece.gr\/index.php\/wp-json\/wp\/v2\/media?parent=1450"}],"wp:term":[{"taxonomy":"category","embeddable":true,"href":"https:\/\/www.investgreece.gr\/index.php\/wp-json\/wp\/v2\/categories?post=1450"},{"taxonomy":"post_tag","embeddable":true,"href":"https:\/\/www.investgreece.gr\/index.php\/wp-json\/wp\/v2\/tags?post=1450"}],"curies":[{"name":"wp","href":"https:\/\/api.w.org\/{rel}","templated":true}]}}