{"id":1496,"date":"2017-07-21T08:58:21","date_gmt":"2017-07-21T08:58:21","guid":{"rendered":"https:\/\/www.investgreece.gr\/index.php\/2017\/07\/21\/avrupa-yi-kurtarir-mi-bilmiyoruz-ama-yunanistan-icin-yesil-isik-yandi\/"},"modified":"2021-05-29T09:35:09","modified_gmt":"2021-05-29T09:35:09","slug":"avrupa-yi-kurtarir-mi-bilmiyoruz-ama-yunanistan-icin-yesil-isik-yandi","status":"publish","type":"post","link":"https:\/\/www.investgreece.gr\/index.php\/2017\/07\/21\/avrupa-yi-kurtarir-mi-bilmiyoruz-ama-yunanistan-icin-yesil-isik-yandi\/","title":{"rendered":"Avrupa&#8217;y\u0131 Kurtar\u0131r m\u0131 ? Bilmiyoruz Ama Yunanistan \u0130\u00e7in Ye\u015fil I\u015f\u0131k Yand\u0131"},"content":{"rendered":"<p>IMF nin \u00a0yapt\u0131\u011f\u0131 a\u00e7\u0131klamada, Yunanistan i\u00e7in 1,6 milyar euroluk ihtiyati kredinin program bitimine kadar taahh\u00fct edildi\u011fi bildirildi.<\/p>\n<p>A\u00e7\u0131klamada Yunanistan&#8217;\u0131n borcunu hafifletmeye ihtiya\u00e7 oldu\u011funu, kredinin \u015fartl\u0131 olarak onayland\u0131\u011f\u0131n\u0131 ve \u00fclkenin Avrupal\u0131 kredit\u00f6rlerinden<\/p>\n<p>bor\u00e7 s\u00fcrd\u00fcr\u00fclebilirli\u011fine ili\u015fkin teminat al\u0131nmas\u0131 halinde y\u00fcr\u00fcrl\u00fc\u011fe girece\u011fi belirtildi.<\/p>\n<p><img fetchpriority=\"high\" decoding=\"async\" class=\" size-full wp-image-1495\" style=\"display: block; margin-left: auto; margin-right: auto;\" src=\"https:\/\/www.investgreece.gr\/wp-content\/uploads\/2017\/07\/christinlagarde1-scaled.jpg\" alt=\"\" width=\"615\" height=\"456\" srcset=\"https:\/\/www.investgreece.gr\/wp-content\/uploads\/2017\/07\/christinlagarde1-scaled.jpg 2560w, https:\/\/www.investgreece.gr\/wp-content\/uploads\/2017\/07\/christinlagarde1-600x445.jpg 600w\" sizes=\"(max-width: 615px) 100vw, 615px\" \/><\/p>\n<p>\u00a0<\/p>\n<p>&#8220;Makamlar\u0131n ekonomik uyum program\u0131n\u0131 destekleyen taahh\u00fct prensipte, yani fonun Yunanistan&#8217;\u0131n bor\u00e7 s\u00fcrd\u00fcr\u00fclebilirli\u011fine<\/p>\n<p>ili\u015fkin Avrupal\u0131 ortaklar\u0131ndan kesin ve g\u00fcvenilir teminat ald\u0131ktan sonra ve Yunanistan ekonomik program\u0131n\u0131n yolunda gitmesi \u015fart\u0131yla,<\/p>\n<p>onaylanm\u0131\u015ft\u0131r.&#8221; ifadelerine yer verildi.<\/p>\n<p>\u00a0<\/p>\n<p>Christine Lagarde ba\u015f\u0131ndan beri \u00a0program\u0131n ba\u015far\u0131yla uygulanmas\u0131 halinde bile bor\u00e7 s\u00fcrd\u00fcr\u00fclebilirli\u011finin sa\u011flanamayaca\u011f\u0131n\u0131 ve<\/p>\n<p>Avrupal\u0131 kredit\u00f6rlerin Yunanistan&#8217;\u0131n borcunu hafifletmesi gerekti\u011fini ifade ediyordu.<\/p>\n<p>IMF, 2015 y\u0131l\u0131nda imzalanan Yunanistan&#8217;\u0131n \u00fc\u00e7\u00fcnc\u00fc kurtarma\u00a0paketi program\u0131na \u00fclkenin borcunun s\u00fcrd\u00fcr\u00fclebilir olmad\u0131\u011f\u0131 ve b\u00fct\u00e7e disiplini<\/p>\n<p>hedeflerinin \u00e7ok y\u00fcksek oldu\u011fu endi\u015feleri dolay\u0131s\u0131yla kat\u0131lmay\u0131 reddetmi\u015fti.<\/p>\n<p>\u00a0<\/p>\n<p>IMF ve ba\u015fta Almanya olmak \u00fczere Yunanistan&#8217;\u0131n Avrupal\u0131 kredit\u00f6rleri aras\u0131ndaki anla\u015fmazl\u0131k dolay\u0131s\u0131yla son kredi dilimine ili\u015fkin uzla\u015fma<\/p>\n<p>sa\u011flanamam\u0131\u015ft\u0131. Yunanistan&#8217;\u0131n bu y\u0131l\u0131n ilk \u00e7eyre\u011fi itibar\u0131yla 310 milyar avro kamu borcu bulunuyor. Milli gelirinin y\u00fczde 176&#8217;s\u0131na<\/p>\n<p>ula\u015fan bor\u00e7 y\u00fck\u00fc Avro b\u00f6lgesinin oran olarak en y\u00fckse\u011fi konumunda olmas\u0131na ra\u011fmen mutlak rakkamlar itibar\u0131yle Avrupan\u0131n\u00a0<\/p>\n<p>en bor\u00e7lu \u00fclkeleri listesinde di\u011fer \u00fclkeler nezdinde daha iyi durumda .\u00a0<\/p>\n<p>Nihai olarak g\u00f6z\u00fcken \u015fu ki IMF ve Avrupa, Yunanistan&#8217;\u0131 kurtarmak ve art\u0131k Yunanistan ekonomisini desteklemek y\u00f6n\u00fcnde kararlar\u00a0<\/p>\n<p>almaya ba\u015flad\u0131 .<\/p>\n<p>\u00a0<\/p>\n<p><strong>Yunanistan Piyasalara Ne Zaman D\u00f6necek\u00a0<\/strong><\/p>\n<p>Her ne kadar Yunanistan Merkez Ba\u015fkan\u0131 Yannis Stournaras hen\u00fcz Yunanistan i\u00e7in pazarlara \u00e7\u0131kman\u0131n erken oldu\u011fu vurgulansa da<\/p>\n<p>Yunanistan h\u00fck\u00fcmet s\u00f6zcusu Tzanakopoulos, &#8220;Do\u011fru zaman geldi\u011finde piyasalara d\u00f6nece\u011fiz&#8221;\u00a0<\/p>\n<p>Yunanistan&#8217;\u0131n kurtarma program\u0131 sona erene kadar resmi kredit\u00f6rlere olan ba\u011f\u0131ml\u0131l\u0131\u011f\u0131ndan kurtulmak istedi\u011fini, ancak bunun i\u00e7in do\u011fru zaman\u0131<\/p>\n<p>bekledi\u011fini s\u00f6yledi. Gazetecilere a\u00e7\u0131klamalarda bulunan Tzanakopoulos, &#8220;Tahvil piyasalar\u0131ndaki geli\u015fmeleri yak\u0131ndan izliyoruz, trendleri takip<\/p>\n<p>ediyoruz ve do\u011fru zaman\u0131n geldi\u011fini de\u011ferlendirdi\u011fimizde piyasalara d\u00f6nme yolunda ilk ad\u0131m\u0131 ataca\u011f\u0131z&#8221; diye konu\u015ftu. Tzanakopoulos, piyasalara<\/p>\n<p>bir d\u00f6n\u00fc\u015f\u00fcn Yunanistan&#8217;\u0131n cari kurtarma program\u0131 sona erdinde tamamen piyasalara d\u00f6nebilmesini sa\u011flanmas\u0131hna y\u00f6nelik stratejinin bir par\u00e7as\u0131<\/p>\n<p>olarak de\u011ferlendirilece\u011fini de vurgulad\u0131.\u00a0<\/p>\n<p><img decoding=\"async\" class=\" size-full wp-image-14\" style=\"display: block; margin-left: auto; margin-right: auto;\" src=\"https:\/\/www.investgreece.gr\/wp-content\/uploads\/2016\/07\/whatsappturkcedestektelefonuwhitebackground.png\" alt=\"\" width=\"514\" height=\"129\" srcset=\"https:\/\/www.investgreece.gr\/wp-content\/uploads\/2016\/07\/whatsappturkcedestektelefonuwhitebackground.png 398w, https:\/\/www.investgreece.gr\/wp-content\/uploads\/2016\/07\/whatsappturkcedestektelefonuwhitebackground-300x75.png 300w\" sizes=\"(max-width: 514px) 100vw, 514px\" \/><\/p>\n<p>\u00a0<\/p>\n<p>\u00a0<\/p>\n<p>\u00a0<\/p>\n<p>\u00a0<\/p>\n","protected":false},"excerpt":{"rendered":"<p>IMF nin \u00a0yapt\u0131\u011f\u0131 a\u00e7\u0131klamada, Yunanistan i\u00e7in 1,6 milyar euroluk ihtiyati kredinin program bitimine kadar taahh\u00fct edildi\u011fi bildirildi. A\u00e7\u0131klamada Yunanistan&#8217;\u0131n borcunu hafifletmeye ihtiya\u00e7 oldu\u011funu, kredinin \u015fartl\u0131 olarak onayland\u0131\u011f\u0131n\u0131 ve \u00fclkenin Avrupal\u0131 kredit\u00f6rlerinden bor\u00e7 s\u00fcrd\u00fcr\u00fclebilirli\u011fine ili\u015fkin teminat al\u0131nmas\u0131 halinde y\u00fcr\u00fcrl\u00fc\u011fe girece\u011fi belirtildi. \u00a0 &#8220;Makamlar\u0131n ekonomik uyum program\u0131n\u0131 destekleyen taahh\u00fct prensipte, yani fonun Yunanistan&#8217;\u0131n bor\u00e7 s\u00fcrd\u00fcr\u00fclebilirli\u011fine ili\u015fkin Avrupal\u0131&#8230;<\/p>\n","protected":false},"author":2,"featured_media":1495,"comment_status":"open","ping_status":"open","sticky":false,"template":"","format":"standard","meta":{"footnotes":""},"categories":[34],"tags":[823,785],"class_list":["post-1496","post","type-post","status-publish","format-standard","has-post-thumbnail","hentry","category-yunanistan-haberler","tag-yunanistan-ekonomi-haberleri","tag-yunanistan-ekonomisi"],"yoast_head":"<!-- This site is optimized with the Yoast SEO plugin v27.4 - https:\/\/yoast.com\/product\/yoast-seo-wordpress\/ -->\n<title>Avrupa&#039;y\u0131 Kurtar\u0131r m\u0131 ? Bilmiyoruz Ama Yunanistan \u0130\u00e7in Ye\u015fil I\u015f\u0131k Yand\u0131 - Invest Greece Yunanistan Emlak<\/title>\n<meta name=\"robots\" content=\"index, follow, max-snippet:-1, max-image-preview:large, max-video-preview:-1\" \/>\n<link rel=\"canonical\" href=\"https:\/\/www.investgreece.gr\/index.php\/2017\/07\/21\/avrupa-yi-kurtarir-mi-bilmiyoruz-ama-yunanistan-icin-yesil-isik-yandi\/\" \/>\n<meta property=\"og:locale\" content=\"tr_TR\" \/>\n<meta property=\"og:type\" content=\"article\" \/>\n<meta property=\"og:title\" content=\"Avrupa&#039;y\u0131 Kurtar\u0131r m\u0131 ? Bilmiyoruz Ama Yunanistan \u0130\u00e7in Ye\u015fil I\u015f\u0131k Yand\u0131 - Invest Greece Yunanistan Emlak\" \/>\n<meta property=\"og:description\" content=\"IMF nin \u00a0yapt\u0131\u011f\u0131 a\u00e7\u0131klamada, Yunanistan i\u00e7in 1,6 milyar euroluk ihtiyati kredinin program bitimine kadar taahh\u00fct edildi\u011fi bildirildi. A\u00e7\u0131klamada Yunanistan&#8217;\u0131n borcunu hafifletmeye ihtiya\u00e7 oldu\u011funu, kredinin \u015fartl\u0131 olarak onayland\u0131\u011f\u0131n\u0131 ve \u00fclkenin Avrupal\u0131 kredit\u00f6rlerinden bor\u00e7 s\u00fcrd\u00fcr\u00fclebilirli\u011fine ili\u015fkin teminat al\u0131nmas\u0131 halinde y\u00fcr\u00fcrl\u00fc\u011fe girece\u011fi belirtildi. \u00a0 &#8220;Makamlar\u0131n ekonomik uyum program\u0131n\u0131 destekleyen taahh\u00fct prensipte, yani fonun Yunanistan&#8217;\u0131n bor\u00e7 s\u00fcrd\u00fcr\u00fclebilirli\u011fine ili\u015fkin Avrupal\u0131...\" \/>\n<meta property=\"og:url\" content=\"https:\/\/www.investgreece.gr\/index.php\/2017\/07\/21\/avrupa-yi-kurtarir-mi-bilmiyoruz-ama-yunanistan-icin-yesil-isik-yandi\/\" \/>\n<meta property=\"og:site_name\" content=\"Invest Greece Yunanistan Emlak\" \/>\n<meta property=\"article:published_time\" content=\"2017-07-21T08:58:21+00:00\" \/>\n<meta property=\"article:modified_time\" content=\"2021-05-29T09:35:09+00:00\" \/>\n<meta property=\"og:image\" content=\"https:\/\/res.cloudinary.com\/cyclops-web-studio\/images\/w_2560,h_1899\/v1622280909\/christinlagarde1\/christinlagarde1.jpg?_i=AA\" \/>\n\t<meta property=\"og:image:width\" content=\"2560\" \/>\n\t<meta property=\"og:image:height\" content=\"1899\" \/>\n\t<meta property=\"og:image:type\" content=\"image\/jpeg\" \/>\n<meta name=\"author\" content=\"Kostis Arslano\u011flu | Kostantin Kaini Arslanoglou\" \/>\n<meta name=\"twitter:card\" content=\"summary_large_image\" \/>\n<meta name=\"twitter:creator\" content=\"@KostaEmlak\" \/>\n<meta name=\"twitter:site\" content=\"@KostaEmlak\" \/>\n<meta name=\"twitter:label1\" content=\"Yazan:\" \/>\n\t<meta name=\"twitter:data1\" content=\"Kostis Arslano\u011flu | Kostantin Kaini Arslanoglou\" \/>\n\t<meta name=\"twitter:label2\" content=\"Tahmini okuma s\u00fcresi\" \/>\n\t<meta name=\"twitter:data2\" content=\"2 dakika\" \/>\n<script type=\"application\/ld+json\" class=\"yoast-schema-graph\">{\"@context\":\"https:\\\/\\\/schema.org\",\"@graph\":[{\"@type\":\"Article\",\"@id\":\"https:\\\/\\\/www.investgreece.gr\\\/index.php\\\/2017\\\/07\\\/21\\\/avrupa-yi-kurtarir-mi-bilmiyoruz-ama-yunanistan-icin-yesil-isik-yandi\\\/#article\",\"isPartOf\":{\"@id\":\"https:\\\/\\\/www.investgreece.gr\\\/index.php\\\/2017\\\/07\\\/21\\\/avrupa-yi-kurtarir-mi-bilmiyoruz-ama-yunanistan-icin-yesil-isik-yandi\\\/\"},\"author\":{\"name\":\"Kostis Arslano\u011flu | Kostantin Kaini Arslanoglou\",\"@id\":\"https:\\\/\\\/www.investgreece.gr\\\/#\\\/schema\\\/person\\\/e8c186c54186cd738cb9dbcdfe7851dd\"},\"headline\":\"Avrupa&#8217;y\u0131 Kurtar\u0131r m\u0131 ? Bilmiyoruz Ama Yunanistan \u0130\u00e7in Ye\u015fil I\u015f\u0131k Yand\u0131\",\"datePublished\":\"2017-07-21T08:58:21+00:00\",\"dateModified\":\"2021-05-29T09:35:09+00:00\",\"mainEntityOfPage\":{\"@id\":\"https:\\\/\\\/www.investgreece.gr\\\/index.php\\\/2017\\\/07\\\/21\\\/avrupa-yi-kurtarir-mi-bilmiyoruz-ama-yunanistan-icin-yesil-isik-yandi\\\/\"},\"wordCount\":451,\"commentCount\":0,\"publisher\":{\"@id\":\"https:\\\/\\\/www.investgreece.gr\\\/#organization\"},\"image\":{\"@id\":\"https:\\\/\\\/www.investgreece.gr\\\/index.php\\\/2017\\\/07\\\/21\\\/avrupa-yi-kurtarir-mi-bilmiyoruz-ama-yunanistan-icin-yesil-isik-yandi\\\/#primaryimage\"},\"thumbnailUrl\":\"https:\\\/\\\/www.investgreece.gr\\\/wp-content\\\/uploads\\\/2017\\\/07\\\/christinlagarde1-scaled.jpg\",\"keywords\":[\"yunanistan ekonomi haberleri\",\"yunanistan ekonomisi\"],\"articleSection\":[\"HABERLER\"],\"inLanguage\":\"tr\",\"potentialAction\":[{\"@type\":\"CommentAction\",\"name\":\"Comment\",\"target\":[\"https:\\\/\\\/www.investgreece.gr\\\/index.php\\\/2017\\\/07\\\/21\\\/avrupa-yi-kurtarir-mi-bilmiyoruz-ama-yunanistan-icin-yesil-isik-yandi\\\/#respond\"]}]},{\"@type\":\"WebPage\",\"@id\":\"https:\\\/\\\/www.investgreece.gr\\\/index.php\\\/2017\\\/07\\\/21\\\/avrupa-yi-kurtarir-mi-bilmiyoruz-ama-yunanistan-icin-yesil-isik-yandi\\\/\",\"url\":\"https:\\\/\\\/www.investgreece.gr\\\/index.php\\\/2017\\\/07\\\/21\\\/avrupa-yi-kurtarir-mi-bilmiyoruz-ama-yunanistan-icin-yesil-isik-yandi\\\/\",\"name\":\"Avrupa'y\u0131 Kurtar\u0131r m\u0131 ? Bilmiyoruz Ama Yunanistan \u0130\u00e7in Ye\u015fil I\u015f\u0131k Yand\u0131 - Invest Greece Yunanistan Emlak\",\"isPartOf\":{\"@id\":\"https:\\\/\\\/www.investgreece.gr\\\/#website\"},\"primaryImageOfPage\":{\"@id\":\"https:\\\/\\\/www.investgreece.gr\\\/index.php\\\/2017\\\/07\\\/21\\\/avrupa-yi-kurtarir-mi-bilmiyoruz-ama-yunanistan-icin-yesil-isik-yandi\\\/#primaryimage\"},\"image\":{\"@id\":\"https:\\\/\\\/www.investgreece.gr\\\/index.php\\\/2017\\\/07\\\/21\\\/avrupa-yi-kurtarir-mi-bilmiyoruz-ama-yunanistan-icin-yesil-isik-yandi\\\/#primaryimage\"},\"thumbnailUrl\":\"https:\\\/\\\/www.investgreece.gr\\\/wp-content\\\/uploads\\\/2017\\\/07\\\/christinlagarde1-scaled.jpg\",\"datePublished\":\"2017-07-21T08:58:21+00:00\",\"dateModified\":\"2021-05-29T09:35:09+00:00\",\"breadcrumb\":{\"@id\":\"https:\\\/\\\/www.investgreece.gr\\\/index.php\\\/2017\\\/07\\\/21\\\/avrupa-yi-kurtarir-mi-bilmiyoruz-ama-yunanistan-icin-yesil-isik-yandi\\\/#breadcrumb\"},\"inLanguage\":\"tr\",\"potentialAction\":[{\"@type\":\"ReadAction\",\"target\":[\"https:\\\/\\\/www.investgreece.gr\\\/index.php\\\/2017\\\/07\\\/21\\\/avrupa-yi-kurtarir-mi-bilmiyoruz-ama-yunanistan-icin-yesil-isik-yandi\\\/\"]}]},{\"@type\":\"ImageObject\",\"inLanguage\":\"tr\",\"@id\":\"https:\\\/\\\/www.investgreece.gr\\\/index.php\\\/2017\\\/07\\\/21\\\/avrupa-yi-kurtarir-mi-bilmiyoruz-ama-yunanistan-icin-yesil-isik-yandi\\\/#primaryimage\",\"url\":\"https:\\\/\\\/www.investgreece.gr\\\/wp-content\\\/uploads\\\/2017\\\/07\\\/christinlagarde1-scaled.jpg\",\"contentUrl\":\"https:\\\/\\\/www.investgreece.gr\\\/wp-content\\\/uploads\\\/2017\\\/07\\\/christinlagarde1-scaled.jpg\",\"width\":2560,\"height\":1899},{\"@type\":\"BreadcrumbList\",\"@id\":\"https:\\\/\\\/www.investgreece.gr\\\/index.php\\\/2017\\\/07\\\/21\\\/avrupa-yi-kurtarir-mi-bilmiyoruz-ama-yunanistan-icin-yesil-isik-yandi\\\/#breadcrumb\",\"itemListElement\":[{\"@type\":\"ListItem\",\"position\":1,\"name\":\"Home\",\"item\":\"https:\\\/\\\/www.investgreece.gr\\\/\"},{\"@type\":\"ListItem\",\"position\":2,\"name\":\"Avrupa&#8217;y\u0131 Kurtar\u0131r m\u0131 ? Bilmiyoruz Ama Yunanistan \u0130\u00e7in Ye\u015fil I\u015f\u0131k Yand\u0131\"}]},{\"@type\":\"WebSite\",\"@id\":\"https:\\\/\\\/www.investgreece.gr\\\/#website\",\"url\":\"https:\\\/\\\/www.investgreece.gr\\\/\",\"name\":\"Invest Greece Yunanistan Emlak\",\"description\":\"Yunanistan Emlak Dan\u0131\u015fmanl\u0131\u011f\u0131\",\"publisher\":{\"@id\":\"https:\\\/\\\/www.investgreece.gr\\\/#organization\"},\"potentialAction\":[{\"@type\":\"SearchAction\",\"target\":{\"@type\":\"EntryPoint\",\"urlTemplate\":\"https:\\\/\\\/www.investgreece.gr\\\/?s={search_term_string}\"},\"query-input\":{\"@type\":\"PropertyValueSpecification\",\"valueRequired\":true,\"valueName\":\"search_term_string\"}}],\"inLanguage\":\"tr\"},{\"@type\":\"Organization\",\"@id\":\"https:\\\/\\\/www.investgreece.gr\\\/#organization\",\"name\":\"Invest Greece\",\"url\":\"https:\\\/\\\/www.investgreece.gr\\\/\",\"logo\":{\"@type\":\"ImageObject\",\"inLanguage\":\"tr\",\"@id\":\"https:\\\/\\\/www.investgreece.gr\\\/#\\\/schema\\\/logo\\\/image\\\/\",\"url\":\"https:\\\/\\\/res.cloudinary.com\\\/cyclops-web-studio\\\/images\\\/f_auto,q_auto\\\/v1622655883\\\/logo2021\\\/logo2021.png\",\"contentUrl\":\"https:\\\/\\\/res.cloudinary.com\\\/cyclops-web-studio\\\/images\\\/f_auto,q_auto\\\/v1622655883\\\/logo2021\\\/logo2021.png\",\"width\":250,\"height\":100,\"caption\":\"Invest Greece\"},\"image\":{\"@id\":\"https:\\\/\\\/www.investgreece.gr\\\/#\\\/schema\\\/logo\\\/image\\\/\"},\"sameAs\":[\"https:\\\/\\\/x.com\\\/KostaEmlak\"]},{\"@type\":\"Person\",\"@id\":\"https:\\\/\\\/www.investgreece.gr\\\/#\\\/schema\\\/person\\\/e8c186c54186cd738cb9dbcdfe7851dd\",\"name\":\"Kostis Arslano\u011flu | Kostantin Kaini Arslanoglou\",\"image\":{\"@type\":\"ImageObject\",\"inLanguage\":\"tr\",\"@id\":\"https:\\\/\\\/secure.gravatar.com\\\/avatar\\\/dd4eb5e7d74577d5fb88a616aee9cf999ef82c9e0ab0e252c55c2740848226b8?s=96&d=mm&r=g\",\"url\":\"https:\\\/\\\/secure.gravatar.com\\\/avatar\\\/dd4eb5e7d74577d5fb88a616aee9cf999ef82c9e0ab0e252c55c2740848226b8?s=96&d=mm&r=g\",\"contentUrl\":\"https:\\\/\\\/secure.gravatar.com\\\/avatar\\\/dd4eb5e7d74577d5fb88a616aee9cf999ef82c9e0ab0e252c55c2740848226b8?s=96&d=mm&r=g\",\"caption\":\"Kostis Arslano\u011flu | Kostantin Kaini Arslanoglou\"},\"sameAs\":[\"https:\\\/\\\/www.investgreece.gr\",\"https:\\\/\\\/www.linkedin.com\\\/in\\\/turkeyinvestgreece\\\/\",\"https:\\\/\\\/x.com\\\/KostaEmlak\",\"https:\\\/\\\/www.youtube.com\\\/channel\\\/UC0RaVn9OY-DJi_q-bAvBJvA\"],\"url\":\"https:\\\/\\\/www.investgreece.gr\\\/index.php\\\/author\\\/costas\\\/\"}]}<\/script>\n<!-- \/ Yoast SEO plugin. -->","yoast_head_json":{"title":"Avrupa'y\u0131 Kurtar\u0131r m\u0131 ? Bilmiyoruz Ama Yunanistan \u0130\u00e7in Ye\u015fil I\u015f\u0131k Yand\u0131 - Invest Greece Yunanistan Emlak","robots":{"index":"index","follow":"follow","max-snippet":"max-snippet:-1","max-image-preview":"max-image-preview:large","max-video-preview":"max-video-preview:-1"},"canonical":"https:\/\/www.investgreece.gr\/index.php\/2017\/07\/21\/avrupa-yi-kurtarir-mi-bilmiyoruz-ama-yunanistan-icin-yesil-isik-yandi\/","og_locale":"tr_TR","og_type":"article","og_title":"Avrupa'y\u0131 Kurtar\u0131r m\u0131 ? Bilmiyoruz Ama Yunanistan \u0130\u00e7in Ye\u015fil I\u015f\u0131k Yand\u0131 - Invest Greece Yunanistan Emlak","og_description":"IMF nin \u00a0yapt\u0131\u011f\u0131 a\u00e7\u0131klamada, Yunanistan i\u00e7in 1,6 milyar euroluk ihtiyati kredinin program bitimine kadar taahh\u00fct edildi\u011fi bildirildi. A\u00e7\u0131klamada Yunanistan&#8217;\u0131n borcunu hafifletmeye ihtiya\u00e7 oldu\u011funu, kredinin \u015fartl\u0131 olarak onayland\u0131\u011f\u0131n\u0131 ve \u00fclkenin Avrupal\u0131 kredit\u00f6rlerinden bor\u00e7 s\u00fcrd\u00fcr\u00fclebilirli\u011fine ili\u015fkin teminat al\u0131nmas\u0131 halinde y\u00fcr\u00fcrl\u00fc\u011fe girece\u011fi belirtildi. \u00a0 &#8220;Makamlar\u0131n ekonomik uyum program\u0131n\u0131 destekleyen taahh\u00fct prensipte, yani fonun Yunanistan&#8217;\u0131n bor\u00e7 s\u00fcrd\u00fcr\u00fclebilirli\u011fine ili\u015fkin Avrupal\u0131...","og_url":"https:\/\/www.investgreece.gr\/index.php\/2017\/07\/21\/avrupa-yi-kurtarir-mi-bilmiyoruz-ama-yunanistan-icin-yesil-isik-yandi\/","og_site_name":"Invest Greece Yunanistan Emlak","article_published_time":"2017-07-21T08:58:21+00:00","article_modified_time":"2021-05-29T09:35:09+00:00","og_image":[{"width":2560,"height":1899,"url":"https:\/\/res.cloudinary.com\/cyclops-web-studio\/images\/w_2560,h_1899\/v1622280909\/christinlagarde1\/christinlagarde1.jpg?_i=AA","type":"image\/jpeg"}],"author":"Kostis Arslano\u011flu | Kostantin Kaini Arslanoglou","twitter_card":"summary_large_image","twitter_creator":"@KostaEmlak","twitter_site":"@KostaEmlak","twitter_misc":{"Yazan:":"Kostis Arslano\u011flu | Kostantin Kaini Arslanoglou","Tahmini okuma s\u00fcresi":"2 dakika"},"schema":{"@context":"https:\/\/schema.org","@graph":[{"@type":"Article","@id":"https:\/\/www.investgreece.gr\/index.php\/2017\/07\/21\/avrupa-yi-kurtarir-mi-bilmiyoruz-ama-yunanistan-icin-yesil-isik-yandi\/#article","isPartOf":{"@id":"https:\/\/www.investgreece.gr\/index.php\/2017\/07\/21\/avrupa-yi-kurtarir-mi-bilmiyoruz-ama-yunanistan-icin-yesil-isik-yandi\/"},"author":{"name":"Kostis Arslano\u011flu | Kostantin Kaini Arslanoglou","@id":"https:\/\/www.investgreece.gr\/#\/schema\/person\/e8c186c54186cd738cb9dbcdfe7851dd"},"headline":"Avrupa&#8217;y\u0131 Kurtar\u0131r m\u0131 ? Bilmiyoruz Ama Yunanistan \u0130\u00e7in Ye\u015fil I\u015f\u0131k Yand\u0131","datePublished":"2017-07-21T08:58:21+00:00","dateModified":"2021-05-29T09:35:09+00:00","mainEntityOfPage":{"@id":"https:\/\/www.investgreece.gr\/index.php\/2017\/07\/21\/avrupa-yi-kurtarir-mi-bilmiyoruz-ama-yunanistan-icin-yesil-isik-yandi\/"},"wordCount":451,"commentCount":0,"publisher":{"@id":"https:\/\/www.investgreece.gr\/#organization"},"image":{"@id":"https:\/\/www.investgreece.gr\/index.php\/2017\/07\/21\/avrupa-yi-kurtarir-mi-bilmiyoruz-ama-yunanistan-icin-yesil-isik-yandi\/#primaryimage"},"thumbnailUrl":"https:\/\/www.investgreece.gr\/wp-content\/uploads\/2017\/07\/christinlagarde1-scaled.jpg","keywords":["yunanistan ekonomi haberleri","yunanistan ekonomisi"],"articleSection":["HABERLER"],"inLanguage":"tr","potentialAction":[{"@type":"CommentAction","name":"Comment","target":["https:\/\/www.investgreece.gr\/index.php\/2017\/07\/21\/avrupa-yi-kurtarir-mi-bilmiyoruz-ama-yunanistan-icin-yesil-isik-yandi\/#respond"]}]},{"@type":"WebPage","@id":"https:\/\/www.investgreece.gr\/index.php\/2017\/07\/21\/avrupa-yi-kurtarir-mi-bilmiyoruz-ama-yunanistan-icin-yesil-isik-yandi\/","url":"https:\/\/www.investgreece.gr\/index.php\/2017\/07\/21\/avrupa-yi-kurtarir-mi-bilmiyoruz-ama-yunanistan-icin-yesil-isik-yandi\/","name":"Avrupa'y\u0131 Kurtar\u0131r m\u0131 ? Bilmiyoruz Ama Yunanistan \u0130\u00e7in Ye\u015fil I\u015f\u0131k Yand\u0131 - Invest Greece Yunanistan Emlak","isPartOf":{"@id":"https:\/\/www.investgreece.gr\/#website"},"primaryImageOfPage":{"@id":"https:\/\/www.investgreece.gr\/index.php\/2017\/07\/21\/avrupa-yi-kurtarir-mi-bilmiyoruz-ama-yunanistan-icin-yesil-isik-yandi\/#primaryimage"},"image":{"@id":"https:\/\/www.investgreece.gr\/index.php\/2017\/07\/21\/avrupa-yi-kurtarir-mi-bilmiyoruz-ama-yunanistan-icin-yesil-isik-yandi\/#primaryimage"},"thumbnailUrl":"https:\/\/www.investgreece.gr\/wp-content\/uploads\/2017\/07\/christinlagarde1-scaled.jpg","datePublished":"2017-07-21T08:58:21+00:00","dateModified":"2021-05-29T09:35:09+00:00","breadcrumb":{"@id":"https:\/\/www.investgreece.gr\/index.php\/2017\/07\/21\/avrupa-yi-kurtarir-mi-bilmiyoruz-ama-yunanistan-icin-yesil-isik-yandi\/#breadcrumb"},"inLanguage":"tr","potentialAction":[{"@type":"ReadAction","target":["https:\/\/www.investgreece.gr\/index.php\/2017\/07\/21\/avrupa-yi-kurtarir-mi-bilmiyoruz-ama-yunanistan-icin-yesil-isik-yandi\/"]}]},{"@type":"ImageObject","inLanguage":"tr","@id":"https:\/\/www.investgreece.gr\/index.php\/2017\/07\/21\/avrupa-yi-kurtarir-mi-bilmiyoruz-ama-yunanistan-icin-yesil-isik-yandi\/#primaryimage","url":"https:\/\/www.investgreece.gr\/wp-content\/uploads\/2017\/07\/christinlagarde1-scaled.jpg","contentUrl":"https:\/\/www.investgreece.gr\/wp-content\/uploads\/2017\/07\/christinlagarde1-scaled.jpg","width":2560,"height":1899},{"@type":"BreadcrumbList","@id":"https:\/\/www.investgreece.gr\/index.php\/2017\/07\/21\/avrupa-yi-kurtarir-mi-bilmiyoruz-ama-yunanistan-icin-yesil-isik-yandi\/#breadcrumb","itemListElement":[{"@type":"ListItem","position":1,"name":"Home","item":"https:\/\/www.investgreece.gr\/"},{"@type":"ListItem","position":2,"name":"Avrupa&#8217;y\u0131 Kurtar\u0131r m\u0131 ? Bilmiyoruz Ama Yunanistan \u0130\u00e7in Ye\u015fil I\u015f\u0131k Yand\u0131"}]},{"@type":"WebSite","@id":"https:\/\/www.investgreece.gr\/#website","url":"https:\/\/www.investgreece.gr\/","name":"Invest Greece Yunanistan Emlak","description":"Yunanistan Emlak Dan\u0131\u015fmanl\u0131\u011f\u0131","publisher":{"@id":"https:\/\/www.investgreece.gr\/#organization"},"potentialAction":[{"@type":"SearchAction","target":{"@type":"EntryPoint","urlTemplate":"https:\/\/www.investgreece.gr\/?s={search_term_string}"},"query-input":{"@type":"PropertyValueSpecification","valueRequired":true,"valueName":"search_term_string"}}],"inLanguage":"tr"},{"@type":"Organization","@id":"https:\/\/www.investgreece.gr\/#organization","name":"Invest Greece","url":"https:\/\/www.investgreece.gr\/","logo":{"@type":"ImageObject","inLanguage":"tr","@id":"https:\/\/www.investgreece.gr\/#\/schema\/logo\/image\/","url":"https:\/\/res.cloudinary.com\/cyclops-web-studio\/images\/f_auto,q_auto\/v1622655883\/logo2021\/logo2021.png","contentUrl":"https:\/\/res.cloudinary.com\/cyclops-web-studio\/images\/f_auto,q_auto\/v1622655883\/logo2021\/logo2021.png","width":250,"height":100,"caption":"Invest Greece"},"image":{"@id":"https:\/\/www.investgreece.gr\/#\/schema\/logo\/image\/"},"sameAs":["https:\/\/x.com\/KostaEmlak"]},{"@type":"Person","@id":"https:\/\/www.investgreece.gr\/#\/schema\/person\/e8c186c54186cd738cb9dbcdfe7851dd","name":"Kostis Arslano\u011flu | Kostantin Kaini Arslanoglou","image":{"@type":"ImageObject","inLanguage":"tr","@id":"https:\/\/secure.gravatar.com\/avatar\/dd4eb5e7d74577d5fb88a616aee9cf999ef82c9e0ab0e252c55c2740848226b8?s=96&d=mm&r=g","url":"https:\/\/secure.gravatar.com\/avatar\/dd4eb5e7d74577d5fb88a616aee9cf999ef82c9e0ab0e252c55c2740848226b8?s=96&d=mm&r=g","contentUrl":"https:\/\/secure.gravatar.com\/avatar\/dd4eb5e7d74577d5fb88a616aee9cf999ef82c9e0ab0e252c55c2740848226b8?s=96&d=mm&r=g","caption":"Kostis Arslano\u011flu | Kostantin Kaini Arslanoglou"},"sameAs":["https:\/\/www.investgreece.gr","https:\/\/www.linkedin.com\/in\/turkeyinvestgreece\/","https:\/\/x.com\/KostaEmlak","https:\/\/www.youtube.com\/channel\/UC0RaVn9OY-DJi_q-bAvBJvA"],"url":"https:\/\/www.investgreece.gr\/index.php\/author\/costas\/"}]}},"_links":{"self":[{"href":"https:\/\/www.investgreece.gr\/index.php\/wp-json\/wp\/v2\/posts\/1496","targetHints":{"allow":["GET"]}}],"collection":[{"href":"https:\/\/www.investgreece.gr\/index.php\/wp-json\/wp\/v2\/posts"}],"about":[{"href":"https:\/\/www.investgreece.gr\/index.php\/wp-json\/wp\/v2\/types\/post"}],"author":[{"embeddable":true,"href":"https:\/\/www.investgreece.gr\/index.php\/wp-json\/wp\/v2\/users\/2"}],"replies":[{"embeddable":true,"href":"https:\/\/www.investgreece.gr\/index.php\/wp-json\/wp\/v2\/comments?post=1496"}],"version-history":[{"count":0,"href":"https:\/\/www.investgreece.gr\/index.php\/wp-json\/wp\/v2\/posts\/1496\/revisions"}],"wp:featuredmedia":[{"embeddable":true,"href":"https:\/\/www.investgreece.gr\/index.php\/wp-json\/wp\/v2\/media\/1495"}],"wp:attachment":[{"href":"https:\/\/www.investgreece.gr\/index.php\/wp-json\/wp\/v2\/media?parent=1496"}],"wp:term":[{"taxonomy":"category","embeddable":true,"href":"https:\/\/www.investgreece.gr\/index.php\/wp-json\/wp\/v2\/categories?post=1496"},{"taxonomy":"post_tag","embeddable":true,"href":"https:\/\/www.investgreece.gr\/index.php\/wp-json\/wp\/v2\/tags?post=1496"}],"curies":[{"name":"wp","href":"https:\/\/api.w.org\/{rel}","templated":true}]}}