{"id":696,"date":"2016-11-05T12:32:59","date_gmt":"2016-11-05T12:32:59","guid":{"rendered":"https:\/\/www.investgreece.gr\/index.php\/2016\/11\/05\/yunanistanda-kira-gelirlerine-uygulanan-vergi\/"},"modified":"2021-08-15T16:13:53","modified_gmt":"2021-08-15T16:13:53","slug":"yunanistanda-kira-gelirlerine-uygulanan-vergi","status":"publish","type":"post","link":"https:\/\/www.investgreece.gr\/index.php\/2016\/11\/05\/yunanistanda-kira-gelirlerine-uygulanan-vergi\/","title":{"rendered":"Yunanistan&#8217;da Kira Gelirlerine Uygulanan Vergi"},"content":{"rendered":"<h2><strong>\u00a0<\/strong><\/h2>\n<p><img decoding=\"async\" src=\"http:\/\/s.kathimerini.gr\/resources\/2016-04\/27s19akinitaenoikforol-thumb-large.jpg\" alt=\"\" \/><\/p>\n<p>K\u0131saca \u00a0senelik tahsil edilecek kira gelirleri i\u00e7in al\u0131nan vergi<\/p>\n<p>0 ile 12.000 euro aral\u0131\u011f\u0131 i\u00e7in % 15<\/p>\n<p>12.000 euro ile 35.000 euro aral\u0131\u011f\u0131 i\u00e7in %35<\/p>\n<p>35.001 eurodan fazla tutarlar i\u00e7in %45<\/p>\n<p><iframe title=\"Yunanistan Emlak Sat\u0131n Alma ve M\u00fclklerle \u0130lgili T\u00fcm Vergiler , Emlak Sat\u0131n Alma , Kira Gelir,\" width=\"640\" height=\"360\" src=\"https:\/\/www.youtube.com\/embed\/EuY6MDF9EgY?feature=oembed\" frameborder=\"0\" allow=\"accelerometer; autoplay; clipboard-write; encrypted-media; gyroscope; picture-in-picture; web-share\" referrerpolicy=\"strict-origin-when-cross-origin\" allowfullscreen><\/iframe><\/p>\n<blockquote class=\"wp-embedded-content\" data-secret=\"WQLXzYiG2c\"><p><a href=\"https:\/\/www.investgreece.gr\/index.php\/yunanistan_oturum_izni_vatandaslik_altin_vize\/\">OTURUM IZNI S.S.S.<\/a><\/p><\/blockquote>\n<p><iframe class=\"wp-embedded-content\" sandbox=\"allow-scripts\" security=\"restricted\" style=\"position: absolute; visibility: hidden;\" title=\"&#8220;OTURUM IZNI S.S.S.&#8221; &#8212; Invest Greece Yunanistan Emlak\" src=\"https:\/\/www.investgreece.gr\/index.php\/yunanistan_oturum_izni_vatandaslik_altin_vize\/embed\/#?secret=CZf6zMGK6R#?secret=WQLXzYiG2c\" data-secret=\"WQLXzYiG2c\" width=\"600\" height=\"338\" frameborder=\"0\" marginwidth=\"0\" marginheight=\"0\" scrolling=\"no\"><\/iframe><\/p>\n<p><img decoding=\"async\" class=\"size-full wp-image-14 aligncenter\" src=\"https:\/\/www.investgreece.gr\/wp-content\/uploads\/2016\/07\/whatsappturkcedestektelefonuwhitebackground.png\" alt=\"\" width=\"430\" height=\"108\" srcset=\"https:\/\/www.investgreece.gr\/wp-content\/uploads\/2016\/07\/whatsappturkcedestektelefonuwhitebackground.png 398w, https:\/\/www.investgreece.gr\/wp-content\/uploads\/2016\/07\/whatsappturkcedestektelefonuwhitebackground-300x75.png 300w\" sizes=\"(max-width: 430px) 100vw, 430px\" \/><\/p>\n<hr \/>\n<p style=\"font-size: small; color: #222222; font-family: arial, sans-serif; text-align: right;\"><a href=\"https:\/\/www.investgreece.gr\/index.php\/yunanistan_oturum_izni_vatandaslik_altin_vize\/\"><strong><span style=\"color: #0000ff;\">YUNAN\u0130STAN OTURUM \u0130ZN\u0130 FAYDALI B\u0130LG\u0130LER ANA SAYFAYA GER\u0130 D\u00d6N\u00a0<\/span><\/strong><\/a><\/p>\n<div style=\"color: #222222; font-family: arial, sans-serif; font-style: italic; font-size: 12.8px;\"><span style=\"font-size: 12.8px;\">Kosta Arslano\u011flu\u00a0<\/span><\/div>\n<div style=\"font-size: 13px; color: #222222; font-family: Arial, Helvetica, sans-serif;\"><a style=\"color: #2570bb; outline: none; position: relative; top: 1px;\" href=\"mailto:kostas@investgreece.gr\">kostas@investgreece.gr<\/a><\/div>\n<div style=\"color: #222222; font-family: arial, sans-serif; font-style: italic; font-size: 12.8px;\"><span style=\"font-size: 12.8px;\"><a style=\"color: #1155cc;\" href=\"tel:00306987098983\" target=\"_blank\" rel=\"noopener noreferrer\">00306987098983<\/a>\u00a0whatsapp \/ viber<\/span><\/div>\n<hr \/>\n","protected":false},"excerpt":{"rendered":"<p>\u00a0 K\u0131saca \u00a0senelik tahsil edilecek kira gelirleri i\u00e7in al\u0131nan vergi 0 ile 12.000 euro aral\u0131\u011f\u0131 i\u00e7in % 15 12.000 euro ile 35.000 euro aral\u0131\u011f\u0131 i\u00e7in %35 35.001 eurodan fazla tutarlar i\u00e7in %45 OTURUM IZNI S.S.S. YUNAN\u0130STAN OTURUM \u0130ZN\u0130 FAYDALI B\u0130LG\u0130LER ANA SAYFAYA GER\u0130 D\u00d6N\u00a0 Kosta Arslano\u011flu\u00a0 kostas@investgreece.gr 00306987098983\u00a0whatsapp \/ viber<\/p>\n","protected":false},"author":2,"featured_media":0,"comment_status":"open","ping_status":"open","sticky":false,"template":"","format":"standard","meta":{"footnotes":""},"categories":[33],"tags":[493,85,491,492],"class_list":["post-696","post","type-post","status-publish","format-standard","hentry","category-sik-sorulan-sorular-oturum-izni-sik-sorulan-sorular","tag-yunanistan-gelir-vergisi","tag-yunanistan-kira-vergisi","tag-yunanistan-vergi-mevzuati","tag-yunanistan-vergiler"],"yoast_head":"<!-- This site is optimized with the Yoast SEO plugin v27.4 - https:\/\/yoast.com\/product\/yoast-seo-wordpress\/ -->\n<title>Yunanistan&#039;da Kira Gelirlerine Uygulanan Vergi - Invest Greece Yunanistan Emlak<\/title>\n<meta name=\"description\" content=\"Yunanistanda kira gelirlerine uygulanan vergiler , yunanistan emlak vergisi , yunanistan emlak al\u0131m sat\u0131m vergisi\" \/>\n<meta name=\"robots\" content=\"index, follow, max-snippet:-1, max-image-preview:large, max-video-preview:-1\" \/>\n<link rel=\"canonical\" href=\"https:\/\/www.investgreece.gr\/index.php\/2016\/11\/05\/yunanistanda-kira-gelirlerine-uygulanan-vergi\/\" \/>\n<meta property=\"og:locale\" content=\"tr_TR\" \/>\n<meta property=\"og:type\" content=\"article\" \/>\n<meta property=\"og:title\" content=\"Yunanistan&#039;da Kira Gelirlerine Uygulanan Vergi - Invest Greece Yunanistan Emlak\" \/>\n<meta property=\"og:description\" content=\"Yunanistanda kira gelirlerine uygulanan vergiler , yunanistan emlak vergisi , yunanistan emlak al\u0131m sat\u0131m vergisi\" \/>\n<meta property=\"og:url\" content=\"https:\/\/www.investgreece.gr\/index.php\/2016\/11\/05\/yunanistanda-kira-gelirlerine-uygulanan-vergi\/\" \/>\n<meta property=\"og:site_name\" content=\"Invest Greece Yunanistan Emlak\" \/>\n<meta property=\"article:published_time\" content=\"2016-11-05T12:32:59+00:00\" \/>\n<meta property=\"article:modified_time\" content=\"2021-08-15T16:13:53+00:00\" \/>\n<meta property=\"og:image\" content=\"http:\/\/s.kathimerini.gr\/resources\/2016-04\/27s19akinitaenoikforol-thumb-large.jpg\" \/>\n<meta name=\"author\" content=\"Kostis Arslano\u011flu | Kostantin Kaini Arslanoglou\" \/>\n<meta name=\"twitter:card\" content=\"summary_large_image\" \/>\n<meta name=\"twitter:creator\" content=\"@KostaEmlak\" \/>\n<meta name=\"twitter:site\" content=\"@KostaEmlak\" \/>\n<meta name=\"twitter:label1\" content=\"Yazan:\" \/>\n\t<meta name=\"twitter:data1\" content=\"Kostis Arslano\u011flu | Kostantin Kaini Arslanoglou\" \/>\n\t<meta name=\"twitter:label2\" content=\"Tahmini okuma s\u00fcresi\" \/>\n\t<meta name=\"twitter:data2\" content=\"1 dakika\" \/>\n<script type=\"application\/ld+json\" class=\"yoast-schema-graph\">{\"@context\":\"https:\\\/\\\/schema.org\",\"@graph\":[{\"@type\":\"Article\",\"@id\":\"https:\\\/\\\/www.investgreece.gr\\\/index.php\\\/2016\\\/11\\\/05\\\/yunanistanda-kira-gelirlerine-uygulanan-vergi\\\/#article\",\"isPartOf\":{\"@id\":\"https:\\\/\\\/www.investgreece.gr\\\/index.php\\\/2016\\\/11\\\/05\\\/yunanistanda-kira-gelirlerine-uygulanan-vergi\\\/\"},\"author\":{\"name\":\"Kostis Arslano\u011flu | Kostantin Kaini Arslanoglou\",\"@id\":\"https:\\\/\\\/www.investgreece.gr\\\/#\\\/schema\\\/person\\\/e8c186c54186cd738cb9dbcdfe7851dd\"},\"headline\":\"Yunanistan&#8217;da Kira Gelirlerine Uygulanan Vergi\",\"datePublished\":\"2016-11-05T12:32:59+00:00\",\"dateModified\":\"2021-08-15T16:13:53+00:00\",\"mainEntityOfPage\":{\"@id\":\"https:\\\/\\\/www.investgreece.gr\\\/index.php\\\/2016\\\/11\\\/05\\\/yunanistanda-kira-gelirlerine-uygulanan-vergi\\\/\"},\"wordCount\":73,\"commentCount\":0,\"publisher\":{\"@id\":\"https:\\\/\\\/www.investgreece.gr\\\/#organization\"},\"image\":{\"@id\":\"https:\\\/\\\/www.investgreece.gr\\\/index.php\\\/2016\\\/11\\\/05\\\/yunanistanda-kira-gelirlerine-uygulanan-vergi\\\/#primaryimage\"},\"thumbnailUrl\":\"http:\\\/\\\/s.kathimerini.gr\\\/resources\\\/2016-04\\\/27s19akinitaenoikforol-thumb-large.jpg\",\"keywords\":[\"yunanistan gelir vergisi\",\"yunanistan kira vergisi\",\"yunanistan vergi mevzuat\u0131\",\"yunanistan vergiler\"],\"articleSection\":[\"SIK SORULAN SORULAR\"],\"inLanguage\":\"tr\",\"potentialAction\":[{\"@type\":\"CommentAction\",\"name\":\"Comment\",\"target\":[\"https:\\\/\\\/www.investgreece.gr\\\/index.php\\\/2016\\\/11\\\/05\\\/yunanistanda-kira-gelirlerine-uygulanan-vergi\\\/#respond\"]}]},{\"@type\":\"WebPage\",\"@id\":\"https:\\\/\\\/www.investgreece.gr\\\/index.php\\\/2016\\\/11\\\/05\\\/yunanistanda-kira-gelirlerine-uygulanan-vergi\\\/\",\"url\":\"https:\\\/\\\/www.investgreece.gr\\\/index.php\\\/2016\\\/11\\\/05\\\/yunanistanda-kira-gelirlerine-uygulanan-vergi\\\/\",\"name\":\"Yunanistan'da Kira Gelirlerine Uygulanan Vergi - Invest Greece Yunanistan Emlak\",\"isPartOf\":{\"@id\":\"https:\\\/\\\/www.investgreece.gr\\\/#website\"},\"primaryImageOfPage\":{\"@id\":\"https:\\\/\\\/www.investgreece.gr\\\/index.php\\\/2016\\\/11\\\/05\\\/yunanistanda-kira-gelirlerine-uygulanan-vergi\\\/#primaryimage\"},\"image\":{\"@id\":\"https:\\\/\\\/www.investgreece.gr\\\/index.php\\\/2016\\\/11\\\/05\\\/yunanistanda-kira-gelirlerine-uygulanan-vergi\\\/#primaryimage\"},\"thumbnailUrl\":\"http:\\\/\\\/s.kathimerini.gr\\\/resources\\\/2016-04\\\/27s19akinitaenoikforol-thumb-large.jpg\",\"datePublished\":\"2016-11-05T12:32:59+00:00\",\"dateModified\":\"2021-08-15T16:13:53+00:00\",\"description\":\"Yunanistanda kira gelirlerine uygulanan vergiler , yunanistan emlak vergisi , yunanistan emlak al\u0131m sat\u0131m vergisi\",\"breadcrumb\":{\"@id\":\"https:\\\/\\\/www.investgreece.gr\\\/index.php\\\/2016\\\/11\\\/05\\\/yunanistanda-kira-gelirlerine-uygulanan-vergi\\\/#breadcrumb\"},\"inLanguage\":\"tr\",\"potentialAction\":[{\"@type\":\"ReadAction\",\"target\":[\"https:\\\/\\\/www.investgreece.gr\\\/index.php\\\/2016\\\/11\\\/05\\\/yunanistanda-kira-gelirlerine-uygulanan-vergi\\\/\"]}]},{\"@type\":\"ImageObject\",\"inLanguage\":\"tr\",\"@id\":\"https:\\\/\\\/www.investgreece.gr\\\/index.php\\\/2016\\\/11\\\/05\\\/yunanistanda-kira-gelirlerine-uygulanan-vergi\\\/#primaryimage\",\"url\":\"http:\\\/\\\/s.kathimerini.gr\\\/resources\\\/2016-04\\\/27s19akinitaenoikforol-thumb-large.jpg\",\"contentUrl\":\"http:\\\/\\\/s.kathimerini.gr\\\/resources\\\/2016-04\\\/27s19akinitaenoikforol-thumb-large.jpg\"},{\"@type\":\"BreadcrumbList\",\"@id\":\"https:\\\/\\\/www.investgreece.gr\\\/index.php\\\/2016\\\/11\\\/05\\\/yunanistanda-kira-gelirlerine-uygulanan-vergi\\\/#breadcrumb\",\"itemListElement\":[{\"@type\":\"ListItem\",\"position\":1,\"name\":\"Home\",\"item\":\"https:\\\/\\\/www.investgreece.gr\\\/\"},{\"@type\":\"ListItem\",\"position\":2,\"name\":\"Yunanistan&#8217;da Kira Gelirlerine Uygulanan Vergi\"}]},{\"@type\":\"WebSite\",\"@id\":\"https:\\\/\\\/www.investgreece.gr\\\/#website\",\"url\":\"https:\\\/\\\/www.investgreece.gr\\\/\",\"name\":\"Invest Greece Yunanistan Emlak\",\"description\":\"Yunanistan Emlak Dan\u0131\u015fmanl\u0131\u011f\u0131\",\"publisher\":{\"@id\":\"https:\\\/\\\/www.investgreece.gr\\\/#organization\"},\"potentialAction\":[{\"@type\":\"SearchAction\",\"target\":{\"@type\":\"EntryPoint\",\"urlTemplate\":\"https:\\\/\\\/www.investgreece.gr\\\/?s={search_term_string}\"},\"query-input\":{\"@type\":\"PropertyValueSpecification\",\"valueRequired\":true,\"valueName\":\"search_term_string\"}}],\"inLanguage\":\"tr\"},{\"@type\":\"Organization\",\"@id\":\"https:\\\/\\\/www.investgreece.gr\\\/#organization\",\"name\":\"Invest Greece\",\"url\":\"https:\\\/\\\/www.investgreece.gr\\\/\",\"logo\":{\"@type\":\"ImageObject\",\"inLanguage\":\"tr\",\"@id\":\"https:\\\/\\\/www.investgreece.gr\\\/#\\\/schema\\\/logo\\\/image\\\/\",\"url\":\"https:\\\/\\\/res.cloudinary.com\\\/cyclops-web-studio\\\/images\\\/f_auto,q_auto\\\/v1622655883\\\/logo2021\\\/logo2021.png\",\"contentUrl\":\"https:\\\/\\\/res.cloudinary.com\\\/cyclops-web-studio\\\/images\\\/f_auto,q_auto\\\/v1622655883\\\/logo2021\\\/logo2021.png\",\"width\":250,\"height\":100,\"caption\":\"Invest Greece\"},\"image\":{\"@id\":\"https:\\\/\\\/www.investgreece.gr\\\/#\\\/schema\\\/logo\\\/image\\\/\"},\"sameAs\":[\"https:\\\/\\\/x.com\\\/KostaEmlak\"]},{\"@type\":\"Person\",\"@id\":\"https:\\\/\\\/www.investgreece.gr\\\/#\\\/schema\\\/person\\\/e8c186c54186cd738cb9dbcdfe7851dd\",\"name\":\"Kostis Arslano\u011flu | Kostantin Kaini Arslanoglou\",\"image\":{\"@type\":\"ImageObject\",\"inLanguage\":\"tr\",\"@id\":\"https:\\\/\\\/secure.gravatar.com\\\/avatar\\\/dd4eb5e7d74577d5fb88a616aee9cf999ef82c9e0ab0e252c55c2740848226b8?s=96&d=mm&r=g\",\"url\":\"https:\\\/\\\/secure.gravatar.com\\\/avatar\\\/dd4eb5e7d74577d5fb88a616aee9cf999ef82c9e0ab0e252c55c2740848226b8?s=96&d=mm&r=g\",\"contentUrl\":\"https:\\\/\\\/secure.gravatar.com\\\/avatar\\\/dd4eb5e7d74577d5fb88a616aee9cf999ef82c9e0ab0e252c55c2740848226b8?s=96&d=mm&r=g\",\"caption\":\"Kostis Arslano\u011flu | Kostantin Kaini Arslanoglou\"},\"sameAs\":[\"https:\\\/\\\/www.investgreece.gr\",\"https:\\\/\\\/www.linkedin.com\\\/in\\\/turkeyinvestgreece\\\/\",\"https:\\\/\\\/x.com\\\/KostaEmlak\",\"https:\\\/\\\/www.youtube.com\\\/channel\\\/UC0RaVn9OY-DJi_q-bAvBJvA\"],\"url\":\"https:\\\/\\\/www.investgreece.gr\\\/index.php\\\/author\\\/costas\\\/\"}]}<\/script>\n<!-- \/ Yoast SEO plugin. -->","yoast_head_json":{"title":"Yunanistan'da Kira Gelirlerine Uygulanan Vergi - Invest Greece Yunanistan Emlak","description":"Yunanistanda kira gelirlerine uygulanan vergiler , yunanistan emlak vergisi , yunanistan emlak al\u0131m sat\u0131m vergisi","robots":{"index":"index","follow":"follow","max-snippet":"max-snippet:-1","max-image-preview":"max-image-preview:large","max-video-preview":"max-video-preview:-1"},"canonical":"https:\/\/www.investgreece.gr\/index.php\/2016\/11\/05\/yunanistanda-kira-gelirlerine-uygulanan-vergi\/","og_locale":"tr_TR","og_type":"article","og_title":"Yunanistan'da Kira Gelirlerine Uygulanan Vergi - Invest Greece Yunanistan Emlak","og_description":"Yunanistanda kira gelirlerine uygulanan vergiler , yunanistan emlak vergisi , yunanistan emlak al\u0131m sat\u0131m vergisi","og_url":"https:\/\/www.investgreece.gr\/index.php\/2016\/11\/05\/yunanistanda-kira-gelirlerine-uygulanan-vergi\/","og_site_name":"Invest Greece Yunanistan Emlak","article_published_time":"2016-11-05T12:32:59+00:00","article_modified_time":"2021-08-15T16:13:53+00:00","og_image":[{"url":"http:\/\/s.kathimerini.gr\/resources\/2016-04\/27s19akinitaenoikforol-thumb-large.jpg","type":"","width":"","height":""}],"author":"Kostis Arslano\u011flu | Kostantin Kaini Arslanoglou","twitter_card":"summary_large_image","twitter_creator":"@KostaEmlak","twitter_site":"@KostaEmlak","twitter_misc":{"Yazan:":"Kostis Arslano\u011flu | Kostantin Kaini Arslanoglou","Tahmini okuma s\u00fcresi":"1 dakika"},"schema":{"@context":"https:\/\/schema.org","@graph":[{"@type":"Article","@id":"https:\/\/www.investgreece.gr\/index.php\/2016\/11\/05\/yunanistanda-kira-gelirlerine-uygulanan-vergi\/#article","isPartOf":{"@id":"https:\/\/www.investgreece.gr\/index.php\/2016\/11\/05\/yunanistanda-kira-gelirlerine-uygulanan-vergi\/"},"author":{"name":"Kostis Arslano\u011flu | Kostantin Kaini Arslanoglou","@id":"https:\/\/www.investgreece.gr\/#\/schema\/person\/e8c186c54186cd738cb9dbcdfe7851dd"},"headline":"Yunanistan&#8217;da Kira Gelirlerine Uygulanan Vergi","datePublished":"2016-11-05T12:32:59+00:00","dateModified":"2021-08-15T16:13:53+00:00","mainEntityOfPage":{"@id":"https:\/\/www.investgreece.gr\/index.php\/2016\/11\/05\/yunanistanda-kira-gelirlerine-uygulanan-vergi\/"},"wordCount":73,"commentCount":0,"publisher":{"@id":"https:\/\/www.investgreece.gr\/#organization"},"image":{"@id":"https:\/\/www.investgreece.gr\/index.php\/2016\/11\/05\/yunanistanda-kira-gelirlerine-uygulanan-vergi\/#primaryimage"},"thumbnailUrl":"http:\/\/s.kathimerini.gr\/resources\/2016-04\/27s19akinitaenoikforol-thumb-large.jpg","keywords":["yunanistan gelir vergisi","yunanistan kira vergisi","yunanistan vergi mevzuat\u0131","yunanistan vergiler"],"articleSection":["SIK SORULAN SORULAR"],"inLanguage":"tr","potentialAction":[{"@type":"CommentAction","name":"Comment","target":["https:\/\/www.investgreece.gr\/index.php\/2016\/11\/05\/yunanistanda-kira-gelirlerine-uygulanan-vergi\/#respond"]}]},{"@type":"WebPage","@id":"https:\/\/www.investgreece.gr\/index.php\/2016\/11\/05\/yunanistanda-kira-gelirlerine-uygulanan-vergi\/","url":"https:\/\/www.investgreece.gr\/index.php\/2016\/11\/05\/yunanistanda-kira-gelirlerine-uygulanan-vergi\/","name":"Yunanistan'da Kira Gelirlerine Uygulanan Vergi - Invest Greece Yunanistan Emlak","isPartOf":{"@id":"https:\/\/www.investgreece.gr\/#website"},"primaryImageOfPage":{"@id":"https:\/\/www.investgreece.gr\/index.php\/2016\/11\/05\/yunanistanda-kira-gelirlerine-uygulanan-vergi\/#primaryimage"},"image":{"@id":"https:\/\/www.investgreece.gr\/index.php\/2016\/11\/05\/yunanistanda-kira-gelirlerine-uygulanan-vergi\/#primaryimage"},"thumbnailUrl":"http:\/\/s.kathimerini.gr\/resources\/2016-04\/27s19akinitaenoikforol-thumb-large.jpg","datePublished":"2016-11-05T12:32:59+00:00","dateModified":"2021-08-15T16:13:53+00:00","description":"Yunanistanda kira gelirlerine uygulanan vergiler , yunanistan emlak vergisi , yunanistan emlak al\u0131m sat\u0131m vergisi","breadcrumb":{"@id":"https:\/\/www.investgreece.gr\/index.php\/2016\/11\/05\/yunanistanda-kira-gelirlerine-uygulanan-vergi\/#breadcrumb"},"inLanguage":"tr","potentialAction":[{"@type":"ReadAction","target":["https:\/\/www.investgreece.gr\/index.php\/2016\/11\/05\/yunanistanda-kira-gelirlerine-uygulanan-vergi\/"]}]},{"@type":"ImageObject","inLanguage":"tr","@id":"https:\/\/www.investgreece.gr\/index.php\/2016\/11\/05\/yunanistanda-kira-gelirlerine-uygulanan-vergi\/#primaryimage","url":"http:\/\/s.kathimerini.gr\/resources\/2016-04\/27s19akinitaenoikforol-thumb-large.jpg","contentUrl":"http:\/\/s.kathimerini.gr\/resources\/2016-04\/27s19akinitaenoikforol-thumb-large.jpg"},{"@type":"BreadcrumbList","@id":"https:\/\/www.investgreece.gr\/index.php\/2016\/11\/05\/yunanistanda-kira-gelirlerine-uygulanan-vergi\/#breadcrumb","itemListElement":[{"@type":"ListItem","position":1,"name":"Home","item":"https:\/\/www.investgreece.gr\/"},{"@type":"ListItem","position":2,"name":"Yunanistan&#8217;da Kira Gelirlerine Uygulanan Vergi"}]},{"@type":"WebSite","@id":"https:\/\/www.investgreece.gr\/#website","url":"https:\/\/www.investgreece.gr\/","name":"Invest Greece Yunanistan Emlak","description":"Yunanistan Emlak Dan\u0131\u015fmanl\u0131\u011f\u0131","publisher":{"@id":"https:\/\/www.investgreece.gr\/#organization"},"potentialAction":[{"@type":"SearchAction","target":{"@type":"EntryPoint","urlTemplate":"https:\/\/www.investgreece.gr\/?s={search_term_string}"},"query-input":{"@type":"PropertyValueSpecification","valueRequired":true,"valueName":"search_term_string"}}],"inLanguage":"tr"},{"@type":"Organization","@id":"https:\/\/www.investgreece.gr\/#organization","name":"Invest Greece","url":"https:\/\/www.investgreece.gr\/","logo":{"@type":"ImageObject","inLanguage":"tr","@id":"https:\/\/www.investgreece.gr\/#\/schema\/logo\/image\/","url":"https:\/\/res.cloudinary.com\/cyclops-web-studio\/images\/f_auto,q_auto\/v1622655883\/logo2021\/logo2021.png","contentUrl":"https:\/\/res.cloudinary.com\/cyclops-web-studio\/images\/f_auto,q_auto\/v1622655883\/logo2021\/logo2021.png","width":250,"height":100,"caption":"Invest Greece"},"image":{"@id":"https:\/\/www.investgreece.gr\/#\/schema\/logo\/image\/"},"sameAs":["https:\/\/x.com\/KostaEmlak"]},{"@type":"Person","@id":"https:\/\/www.investgreece.gr\/#\/schema\/person\/e8c186c54186cd738cb9dbcdfe7851dd","name":"Kostis Arslano\u011flu | Kostantin Kaini Arslanoglou","image":{"@type":"ImageObject","inLanguage":"tr","@id":"https:\/\/secure.gravatar.com\/avatar\/dd4eb5e7d74577d5fb88a616aee9cf999ef82c9e0ab0e252c55c2740848226b8?s=96&d=mm&r=g","url":"https:\/\/secure.gravatar.com\/avatar\/dd4eb5e7d74577d5fb88a616aee9cf999ef82c9e0ab0e252c55c2740848226b8?s=96&d=mm&r=g","contentUrl":"https:\/\/secure.gravatar.com\/avatar\/dd4eb5e7d74577d5fb88a616aee9cf999ef82c9e0ab0e252c55c2740848226b8?s=96&d=mm&r=g","caption":"Kostis Arslano\u011flu | Kostantin Kaini Arslanoglou"},"sameAs":["https:\/\/www.investgreece.gr","https:\/\/www.linkedin.com\/in\/turkeyinvestgreece\/","https:\/\/x.com\/KostaEmlak","https:\/\/www.youtube.com\/channel\/UC0RaVn9OY-DJi_q-bAvBJvA"],"url":"https:\/\/www.investgreece.gr\/index.php\/author\/costas\/"}]}},"_links":{"self":[{"href":"https:\/\/www.investgreece.gr\/index.php\/wp-json\/wp\/v2\/posts\/696","targetHints":{"allow":["GET"]}}],"collection":[{"href":"https:\/\/www.investgreece.gr\/index.php\/wp-json\/wp\/v2\/posts"}],"about":[{"href":"https:\/\/www.investgreece.gr\/index.php\/wp-json\/wp\/v2\/types\/post"}],"author":[{"embeddable":true,"href":"https:\/\/www.investgreece.gr\/index.php\/wp-json\/wp\/v2\/users\/2"}],"replies":[{"embeddable":true,"href":"https:\/\/www.investgreece.gr\/index.php\/wp-json\/wp\/v2\/comments?post=696"}],"version-history":[{"count":0,"href":"https:\/\/www.investgreece.gr\/index.php\/wp-json\/wp\/v2\/posts\/696\/revisions"}],"wp:attachment":[{"href":"https:\/\/www.investgreece.gr\/index.php\/wp-json\/wp\/v2\/media?parent=696"}],"wp:term":[{"taxonomy":"category","embeddable":true,"href":"https:\/\/www.investgreece.gr\/index.php\/wp-json\/wp\/v2\/categories?post=696"},{"taxonomy":"post_tag","embeddable":true,"href":"https:\/\/www.investgreece.gr\/index.php\/wp-json\/wp\/v2\/tags?post=696"}],"curies":[{"name":"wp","href":"https:\/\/api.w.org\/{rel}","templated":true}]}}